{"id":193433,"date":"2026-02-17T14:09:43","date_gmt":"2026-02-17T20:09:43","guid":{"rendered":"https:\/\/canal7slp.tv\/2026\/?p=193433"},"modified":"2026-02-17T14:09:43","modified_gmt":"2026-02-17T20:09:43","slug":"congreso-peruano-destituye-a-su-presidente-interino-jose-jeri","status":"publish","type":"post","link":"https:\/\/canal7slp.tv\/2026\/congreso-peruano-destituye-a-su-presidente-interino-jose-jeri\/","title":{"rendered":"Congreso peruano destituye a su presidente interino Jos\u00e9 Jer\u00ed"},"content":{"rendered":"<p style=\"text-align: justify;\">Lima.- El Congreso de Per\u00fa destituy\u00f3 este martes 17 de febrero al presidente interino, Jos\u00e9 Jer\u00ed, a menos de dos meses de las elecciones generales, en un nuevo episodio de la prolongada inestabilidad pol\u00edtica que vive el pa\u00eds.<\/p>\n<p style=\"text-align: justify;\">La destituci\u00f3n fue aprobada con 75 votos a favor, 24 en contra y tres abstenciones, en medio de investigaciones por presuntas reuniones semiclandestinas con empresarios chinos y posibles irregularidades en la contrataci\u00f3n de funcionarias. Con esta decisi\u00f3n, Per\u00fa registra su octavo cambio presidencial en menos de una d\u00e9cada.<\/p>\n<p style=\"text-align: justify;\">Jos\u00e9 Jer\u00ed hab\u00eda asumido la presidencia interina en octubre de 2025, tras la destituci\u00f3n de Dina Boluarte. Previamente, se desempe\u00f1aba como presidente del Congreso, cargo cuya censura implic\u00f3 autom\u00e1ticamente su salida de la jefatura del Estado.<\/p>\n<p style=\"text-align: justify;\">En un intento por evitar su destituci\u00f3n, el partido Somos Per\u00fa propuso suspender el debate y optar por la figura de la vacancia presidencial, que requer\u00eda el respaldo de dos tercios del Congreso. Sin embargo, la propuesta no obtuvo el apoyo necesario.<\/p>\n<p style=\"text-align: justify;\">Los partidos conservadores que inicialmente respaldaron a Jer\u00ed retiraron su apoyo ante el deterioro de su popularidad y las investigaciones en su contra por presunto tr\u00e1fico de influencias. El fujimorismo fue la \u00fanica fuerza pol\u00edtica que mantuvo su respaldo y vot\u00f3 en contra de su destituci\u00f3n.<\/p>\n<p style=\"text-align: justify;\">Aunque Jer\u00ed pod\u00eda asistir a la sesi\u00f3n en su calidad de congresista, decidi\u00f3 permanecer en el Palacio de Gobierno durante la votaci\u00f3n.<\/p>\n<p style=\"text-align: justify;\">La trayectoria pol\u00edtica de Jer\u00ed fue breve. Lleg\u00f3 al Congreso en 2021 como suplente del expresidente Mart\u00edn Vizcarra y, en pocos a\u00f1os, ascendi\u00f3 a la presidencia del Legislativo y posteriormente a la presidencia interina del pa\u00eds. Su gesti\u00f3n estuvo centrada en el combate al crimen organizado, pero su imagen se vio afectada por las revelaciones sobre sus reuniones con empresarios.<\/p>\n<p style=\"text-align: justify;\">El Congreso deber\u00e1 elegir este mi\u00e9rcoles 18 de febrero a un nuevo presidente del Legislativo, quien asumir\u00e1 tambi\u00e9n la presidencia interina de Per\u00fa hasta el 28 de julio, fecha prevista para la toma de posesi\u00f3n del nuevo mandatario electo.<\/p>\n<p style=\"text-align: justify;\">\n","protected":false},"excerpt":{"rendered":"<p>Lima.- El Congreso de Per\u00fa destituy\u00f3 este martes 17 de febrero al presidente interino, Jos\u00e9 Jer\u00ed, a menos de dos meses de las elecciones generales, en un nuevo episodio de la prolongada inestabilidad pol\u00edtica que vive el pa\u00eds. La destituci\u00f3n fue aprobada con 75 votos a favor, 24 en contra y tres abstenciones, en medio de investigaciones por presuntas reuniones semiclandestinas con empresarios chinos y posibles irregularidades en la contrataci\u00f3n de funcionarias. Con esta decisi\u00f3n, Per\u00fa registra su octavo cambio presidencial en menos de una d\u00e9cada. Jos\u00e9 Jer\u00ed hab\u00eda asumido la presidencia interina en octubre de 2025, tras la destituci\u00f3n [&hellip;]<\/p>\n","protected":false},"author":2,"featured_media":193434,"comment_status":"closed","ping_status":"closed","sticky":false,"template":"","format":"standard","meta":{"_monsterinsights_skip_tracking":false,"_monsterinsights_sitenote_active":false,"_monsterinsights_sitenote_note":"","_monsterinsights_sitenote_category":0,"footnotes":""},"categories":[44],"tags":[],"class_list":["post-193433","post","type-post","status-publish","format-standard","has-post-thumbnail","hentry","category-internacional","post--single"],"_links":{"self":[{"href":"https:\/\/canal7slp.tv\/2026\/wp-json\/wp\/v2\/posts\/193433","targetHints":{"allow":["GET"]}}],"collection":[{"href":"https:\/\/canal7slp.tv\/2026\/wp-json\/wp\/v2\/posts"}],"about":[{"href":"https:\/\/canal7slp.tv\/2026\/wp-json\/wp\/v2\/types\/post"}],"author":[{"embeddable":true,"href":"https:\/\/canal7slp.tv\/2026\/wp-json\/wp\/v2\/users\/2"}],"replies":[{"embeddable":true,"href":"https:\/\/canal7slp.tv\/2026\/wp-json\/wp\/v2\/comments?post=193433"}],"version-history":[{"count":1,"href":"https:\/\/canal7slp.tv\/2026\/wp-json\/wp\/v2\/posts\/193433\/revisions"}],"predecessor-version":[{"id":193435,"href":"https:\/\/canal7slp.tv\/2026\/wp-json\/wp\/v2\/posts\/193433\/revisions\/193435"}],"wp:featuredmedia":[{"embeddable":true,"href":"https:\/\/canal7slp.tv\/2026\/wp-json\/wp\/v2\/media\/193434"}],"wp:attachment":[{"href":"https:\/\/canal7slp.tv\/2026\/wp-json\/wp\/v2\/media?parent=193433"}],"wp:term":[{"taxonomy":"category","embeddable":true,"href":"https:\/\/canal7slp.tv\/2026\/wp-json\/wp\/v2\/categories?post=193433"},{"taxonomy":"post_tag","embeddable":true,"href":"https:\/\/canal7slp.tv\/2026\/wp-json\/wp\/v2\/tags?post=193433"}],"curies":[{"name":"wp","href":"https:\/\/api.w.org\/{rel}","templated":true}]}}