{"id":193424,"date":"2026-02-17T13:25:04","date_gmt":"2026-02-17T19:25:04","guid":{"rendered":"https:\/\/canal7slp.tv\/2026\/?p=193424"},"modified":"2026-02-17T13:25:04","modified_gmt":"2026-02-17T19:25:04","slug":"mexico-participara-solo-como-observador-en-la-junta-de-paz-de-trump-sheinbaum","status":"publish","type":"post","link":"https:\/\/canal7slp.tv\/2026\/mexico-participara-solo-como-observador-en-la-junta-de-paz-de-trump-sheinbaum\/","title":{"rendered":"M\u00e9xico participar\u00e1 solo como observador en la Junta de Paz de Trump: Sheinbaum"},"content":{"rendered":"<p style=\"text-align: justify;\">M\u00e9xico.- Durante su conferencia matutina de este martes, la presidenta de M\u00e9xico, Claudia Sheinbaum Pardo, anunci\u00f3 que el pa\u00eds participar\u00e1 como observador en la Junta de Paz convocada por Estados Unidos.<\/p>\n<p style=\"text-align: justify;\">La mandataria explic\u00f3 que la decisi\u00f3n de no integrarse de manera activa responde a la importancia de que todas las partes involucradas est\u00e9n representadas en los procesos de paz relacionados con el Medio Oriente.<\/p>\n<p style=\"text-align: justify;\">Sheinbaum subray\u00f3 que, debido a que M\u00e9xico reconoce a Palestina como Estado, considera fundamental que tanto Israel como Palestina participen en cualquier di\u00e1logo orientado a la resoluci\u00f3n del conflicto. \u201cNo est\u00e1 planteado as\u00ed en el encuentro\u201d, puntualiz\u00f3.<\/p>\n<p style=\"text-align: justify;\">La Junta de Paz fue convocada por el presidente estadounidense, Donald Trump, con el objetivo de supervisar la implementaci\u00f3n de un plan de 20 puntos para poner fin al conflicto entre Israel y el grupo islamista Ham\u00e1s. En este contexto, M\u00e9xico opt\u00f3 por enviar a su embajador ante las Naciones Unidas en calidad de observador, en lugar de participar de forma directa.<\/p>\n<p style=\"text-align: justify;\">M\u00e9xico ha mantenido hist\u00f3ricamente una pol\u00edtica exterior basada en la soluci\u00f3n pac\u00edfica de controversias y el respeto al derecho internacional, principios que han guiado su postura frente al conflicto en Medio Oriente y su respaldo al reconocimiento del Estado palestino. En a\u00f1os recientes, el pa\u00eds ha apoyado iniciativas multilaterales orientadas a promover el di\u00e1logo entre las partes.<\/p>\n<p style=\"text-align: justify;\">De acuerdo con la Casa Blanca, al menos 35 jefes de Estado y de Gobierno han confirmado su participaci\u00f3n en la Junta de Paz, en su mayor\u00eda provenientes de Oriente Medio y Asia occidental. En Am\u00e9rica Latina, hasta ahora, solo Argentina, El Salvador y Paraguay se han sumado a la iniciativa.<\/p>\n","protected":false},"excerpt":{"rendered":"<p>M\u00e9xico.- Durante su conferencia matutina de este martes, la presidenta de M\u00e9xico, Claudia Sheinbaum Pardo, anunci\u00f3 que el pa\u00eds participar\u00e1 como observador en la Junta de Paz convocada por Estados Unidos. La mandataria explic\u00f3 que la decisi\u00f3n de no integrarse de manera activa responde a la importancia de que todas las partes involucradas est\u00e9n representadas en los procesos de paz relacionados con el Medio Oriente. Sheinbaum subray\u00f3 que, debido a que M\u00e9xico reconoce a Palestina como Estado, considera fundamental que tanto Israel como Palestina participen en cualquier di\u00e1logo orientado a la resoluci\u00f3n del conflicto. \u201cNo est\u00e1 planteado as\u00ed en el [&hellip;]<\/p>\n","protected":false},"author":2,"featured_media":193425,"comment_status":"closed","ping_status":"closed","sticky":false,"template":"","format":"standard","meta":{"_monsterinsights_skip_tracking":false,"_monsterinsights_sitenote_active":false,"_monsterinsights_sitenote_note":"","_monsterinsights_sitenote_category":0,"footnotes":""},"categories":[46],"tags":[],"class_list":["post-193424","post","type-post","status-publish","format-standard","has-post-thumbnail","hentry","category-nacional","post--single"],"_links":{"self":[{"href":"https:\/\/canal7slp.tv\/2026\/wp-json\/wp\/v2\/posts\/193424","targetHints":{"allow":["GET"]}}],"collection":[{"href":"https:\/\/canal7slp.tv\/2026\/wp-json\/wp\/v2\/posts"}],"about":[{"href":"https:\/\/canal7slp.tv\/2026\/wp-json\/wp\/v2\/types\/post"}],"author":[{"embeddable":true,"href":"https:\/\/canal7slp.tv\/2026\/wp-json\/wp\/v2\/users\/2"}],"replies":[{"embeddable":true,"href":"https:\/\/canal7slp.tv\/2026\/wp-json\/wp\/v2\/comments?post=193424"}],"version-history":[{"count":1,"href":"https:\/\/canal7slp.tv\/2026\/wp-json\/wp\/v2\/posts\/193424\/revisions"}],"predecessor-version":[{"id":193426,"href":"https:\/\/canal7slp.tv\/2026\/wp-json\/wp\/v2\/posts\/193424\/revisions\/193426"}],"wp:featuredmedia":[{"embeddable":true,"href":"https:\/\/canal7slp.tv\/2026\/wp-json\/wp\/v2\/media\/193425"}],"wp:attachment":[{"href":"https:\/\/canal7slp.tv\/2026\/wp-json\/wp\/v2\/media?parent=193424"}],"wp:term":[{"taxonomy":"category","embeddable":true,"href":"https:\/\/canal7slp.tv\/2026\/wp-json\/wp\/v2\/categories?post=193424"},{"taxonomy":"post_tag","embeddable":true,"href":"https:\/\/canal7slp.tv\/2026\/wp-json\/wp\/v2\/tags?post=193424"}],"curies":[{"name":"wp","href":"https:\/\/api.w.org\/{rel}","templated":true}]}}