{"id":193387,"date":"2026-02-16T19:45:59","date_gmt":"2026-02-17T01:45:59","guid":{"rendered":"https:\/\/canal7slp.tv\/2026\/?p=193387"},"modified":"2026-02-16T19:45:59","modified_gmt":"2026-02-17T01:45:59","slug":"alianza-empresarial-presente-en-primera-reunion-nacional-de-promocion-de-inversiones","status":"publish","type":"post","link":"https:\/\/canal7slp.tv\/2026\/alianza-empresarial-presente-en-primera-reunion-nacional-de-promocion-de-inversiones\/","title":{"rendered":"Alianza Empresarial presente en Primera Reuni\u00f3n Nacional de Promoci\u00f3n de Inversiones"},"content":{"rendered":"<p style=\"text-align: justify;\">SLP.- Se llev\u00f3 a cabo la Primera Reuni\u00f3n Nacional de Promoci\u00f3n de Inversiones a la que acudi\u00f3 en representaci\u00f3n de San Luis Potos\u00ed, la Secretar\u00eda de Desarrollo Econ\u00f3mico local y la Alianza Empresarial encabezada por Imelda Elizalde Mart\u00ednez, fue la propia presidenta quien habl\u00f3 al respecto.<\/p>\n<p style=\"text-align: justify;\">\u201cSe formaron a lo largo y ancho de la Rep\u00fablica, en los 32 estados, comit\u00e9 de inversi\u00f3n que evidentemente est\u00e1n enfocados en propuestas concretas de desarrollo para incentivar la inversi\u00f3n de capital en todo lo que tiene que ver con el sector econ\u00f3mico\u201d.<\/p>\n<p style=\"text-align: justify;\">Destac\u00f3 la finalidad de esta reuni\u00f3n.<\/p>\n<p style=\"text-align: justify;\">\u201cEl secretario del trabajo, el secretario de econom\u00eda, estaba obviamente la presidenta Sheinbaum y lo que se vio fueron los programas, tanto de financiamiento como de impulso\u201d.<\/p>\n<p style=\"text-align: justify;\">Habl\u00f3 sobre los beneficios que se tendr\u00e1n mediante el esfuerzo conjunto.<\/p>\n<p style=\"text-align: justify;\">\u201cDefinitivamente es una oportunidad que San Luis no debe de perder de vista para capitalizar los programas, se abrieron infinidad de programas de apoyo a los diferentes sectores y creo que este tema de financiamiento es lo que nos est\u00e1 haciendo falta\u201d.<\/p>\n<p style=\"text-align: justify;\">La primera mesa de trabajo se dio al arranque del mes de febrero y se est\u00e1 a la espera de la siguiente convocatoria, generada por la Secretar\u00eda de Desarrollo Econ\u00f3mico.<\/p>\n<p style=\"text-align: justify;\">\u201cBuscaremos puntualmente cu\u00e1les son los sectores que tienen m\u00e1s fortalecimiento, en d\u00f3nde hay necesidad de fortalecer y qu\u00e9 capacidad de atracci\u00f3n tenemos\u201d.<\/p>\n<p style=\"text-align: justify;\">Para San Luis Potos\u00ed, la presidenta de la Alianza Empresarial sugerir\u00e1 en la siguiente reuni\u00f3n, mejorar el sistema energ\u00e9tico, la infraestructura de traslado y el fortalecimiento de la cadena productiva.<\/p>\n<p>Por: Juan Carlos Contreras<\/p>\n","protected":false},"excerpt":{"rendered":"<p>SLP.- Se llev\u00f3 a cabo la Primera Reuni\u00f3n Nacional de Promoci\u00f3n de Inversiones a la que acudi\u00f3 en representaci\u00f3n de San Luis Potos\u00ed, la Secretar\u00eda de Desarrollo Econ\u00f3mico local y la Alianza Empresarial encabezada por Imelda Elizalde Mart\u00ednez, fue la propia presidenta quien habl\u00f3 al respecto. \u201cSe formaron a lo largo y ancho de la Rep\u00fablica, en los 32 estados, comit\u00e9 de inversi\u00f3n que evidentemente est\u00e1n enfocados en propuestas concretas de desarrollo para incentivar la inversi\u00f3n de capital en todo lo que tiene que ver con el sector econ\u00f3mico\u201d. Destac\u00f3 la finalidad de esta reuni\u00f3n. \u201cEl secretario del trabajo, el [&hellip;]<\/p>\n","protected":false},"author":2,"featured_media":193396,"comment_status":"closed","ping_status":"closed","sticky":false,"template":"","format":"video","meta":{"_monsterinsights_skip_tracking":false,"_monsterinsights_sitenote_active":false,"_monsterinsights_sitenote_note":"","_monsterinsights_sitenote_category":0,"footnotes":""},"categories":[5,45],"tags":[],"class_list":["post-193387","post","type-post","status-publish","format-video","has-post-thumbnail","hentry","category-destacadas","category-localesyregionales","post_format-post-format-video","post--single"],"_links":{"self":[{"href":"https:\/\/canal7slp.tv\/2026\/wp-json\/wp\/v2\/posts\/193387","targetHints":{"allow":["GET"]}}],"collection":[{"href":"https:\/\/canal7slp.tv\/2026\/wp-json\/wp\/v2\/posts"}],"about":[{"href":"https:\/\/canal7slp.tv\/2026\/wp-json\/wp\/v2\/types\/post"}],"author":[{"embeddable":true,"href":"https:\/\/canal7slp.tv\/2026\/wp-json\/wp\/v2\/users\/2"}],"replies":[{"embeddable":true,"href":"https:\/\/canal7slp.tv\/2026\/wp-json\/wp\/v2\/comments?post=193387"}],"version-history":[{"count":3,"href":"https:\/\/canal7slp.tv\/2026\/wp-json\/wp\/v2\/posts\/193387\/revisions"}],"predecessor-version":[{"id":193415,"href":"https:\/\/canal7slp.tv\/2026\/wp-json\/wp\/v2\/posts\/193387\/revisions\/193415"}],"wp:featuredmedia":[{"embeddable":true,"href":"https:\/\/canal7slp.tv\/2026\/wp-json\/wp\/v2\/media\/193396"}],"wp:attachment":[{"href":"https:\/\/canal7slp.tv\/2026\/wp-json\/wp\/v2\/media?parent=193387"}],"wp:term":[{"taxonomy":"category","embeddable":true,"href":"https:\/\/canal7slp.tv\/2026\/wp-json\/wp\/v2\/categories?post=193387"},{"taxonomy":"post_tag","embeddable":true,"href":"https:\/\/canal7slp.tv\/2026\/wp-json\/wp\/v2\/tags?post=193387"}],"curies":[{"name":"wp","href":"https:\/\/api.w.org\/{rel}","templated":true}]}}