{"id":193386,"date":"2026-02-16T19:44:22","date_gmt":"2026-02-17T01:44:22","guid":{"rendered":"https:\/\/canal7slp.tv\/2026\/?p=193386"},"modified":"2026-02-16T19:44:22","modified_gmt":"2026-02-17T01:44:22","slug":"acusa-pri-al-gobierno-de-la-4t-de-propiciar-crisis-por-contagios-de-sarampion","status":"publish","type":"post","link":"https:\/\/canal7slp.tv\/2026\/acusa-pri-al-gobierno-de-la-4t-de-propiciar-crisis-por-contagios-de-sarampion\/","title":{"rendered":"Acusa PRI al Gobierno de la 4T de propiciar crisis por contagios de sarampi\u00f3n"},"content":{"rendered":"<p style=\"text-align: justify;\">SLP.- El actual Gobierno Federal a cargo de Claudia Sheinbaum Pardo, no ha realizado las acciones pertinentes para frenar la crisis de contagios por sarampi\u00f3n en el pa\u00eds, asever\u00f3 el presidente del la Fundaci\u00f3n Colosio del Partido Revolucionario Institucional en San Luis Potos\u00ed, Adolfo Octavio Micalco M\u00e9ndez.<\/p>\n<p style=\"text-align: justify;\">\u201cM\u00e9xico enfrenta esta crisis donde la ca\u00edda y la cobertura y las campa\u00f1as de vacunaci\u00f3n han eliminado la protecci\u00f3n colectiva y abre la puerta al regreso del sarampi\u00f3n despu\u00e9s de haber sido erradicado por d\u00e9cadas\u201d.<\/p>\n<p style=\"text-align: justify;\">Cuestion\u00f3 la serie de modificaciones realizadas a los esquemas de vacunaci\u00f3n.<\/p>\n<p style=\"text-align: justify;\">\u201cLa cobertura de la vacunaci\u00f3n infantil ha ca\u00eddo severamente desde el 2018, la cobertura de la vacuna triple viral; sarampi\u00f3n, rubiola y paperas, en M\u00e9xico cay\u00f3 significativamente desde el 2018, en el 2012 al 2013, la cobertura nacional era superior al 95%, nivel necesario para la inmunidad colectiva\u201d.<\/p>\n<p style=\"text-align: justify;\">Afirm\u00f3 que con los gobiernos de MORENA, se perdieron las buenas cifras en este rubro.<\/p>\n<p style=\"text-align: justify;\">\u201cPara el 21-23 la cobertura cay\u00f3 aproximadamente 70, 76% en la primera dosis a menos del 65% en la segunda dosis, dejando a millones de ni\u00f1os vulnerables al contagio\u201d.<\/p>\n<p style=\"text-align: justify;\">Lament\u00f3 las condiciones actuales que se viven en M\u00e9xico con respecto a esta enfermedad.<\/p>\n<p style=\"text-align: justify;\">\u201cMORENA ha llevado a M\u00e9xico a perder el estatus de pa\u00eds libre de sarampi\u00f3n (\u2026) en 2020 se registro el mayor brote en d\u00e9cadas y con 196 casos confirmados en un solo a\u00f1o (\u2026) esto ha evidenciado la fragilidad del sistema de inmunizaci\u00f3n, el desabasto y la falta de estrategia, las causas principales\u201d.<\/p>\n<p>Por: Juan Carlos Contreras<\/p>\n","protected":false},"excerpt":{"rendered":"<p>SLP.- El actual Gobierno Federal a cargo de Claudia Sheinbaum Pardo, no ha realizado las acciones pertinentes para frenar la crisis de contagios por sarampi\u00f3n en el pa\u00eds, asever\u00f3 el presidente del la Fundaci\u00f3n Colosio del Partido Revolucionario Institucional en San Luis Potos\u00ed, Adolfo Octavio Micalco M\u00e9ndez. \u201cM\u00e9xico enfrenta esta crisis donde la ca\u00edda y la cobertura y las campa\u00f1as de vacunaci\u00f3n han eliminado la protecci\u00f3n colectiva y abre la puerta al regreso del sarampi\u00f3n despu\u00e9s de haber sido erradicado por d\u00e9cadas\u201d. Cuestion\u00f3 la serie de modificaciones realizadas a los esquemas de vacunaci\u00f3n. \u201cLa cobertura de la vacunaci\u00f3n infantil ha [&hellip;]<\/p>\n","protected":false},"author":2,"featured_media":193395,"comment_status":"closed","ping_status":"closed","sticky":false,"template":"","format":"video","meta":{"_monsterinsights_skip_tracking":false,"_monsterinsights_sitenote_active":false,"_monsterinsights_sitenote_note":"","_monsterinsights_sitenote_category":0,"footnotes":""},"categories":[5,45],"tags":[],"class_list":["post-193386","post","type-post","status-publish","format-video","has-post-thumbnail","hentry","category-destacadas","category-localesyregionales","post_format-post-format-video","post--single"],"_links":{"self":[{"href":"https:\/\/canal7slp.tv\/2026\/wp-json\/wp\/v2\/posts\/193386","targetHints":{"allow":["GET"]}}],"collection":[{"href":"https:\/\/canal7slp.tv\/2026\/wp-json\/wp\/v2\/posts"}],"about":[{"href":"https:\/\/canal7slp.tv\/2026\/wp-json\/wp\/v2\/types\/post"}],"author":[{"embeddable":true,"href":"https:\/\/canal7slp.tv\/2026\/wp-json\/wp\/v2\/users\/2"}],"replies":[{"embeddable":true,"href":"https:\/\/canal7slp.tv\/2026\/wp-json\/wp\/v2\/comments?post=193386"}],"version-history":[{"count":2,"href":"https:\/\/canal7slp.tv\/2026\/wp-json\/wp\/v2\/posts\/193386\/revisions"}],"predecessor-version":[{"id":193413,"href":"https:\/\/canal7slp.tv\/2026\/wp-json\/wp\/v2\/posts\/193386\/revisions\/193413"}],"wp:featuredmedia":[{"embeddable":true,"href":"https:\/\/canal7slp.tv\/2026\/wp-json\/wp\/v2\/media\/193395"}],"wp:attachment":[{"href":"https:\/\/canal7slp.tv\/2026\/wp-json\/wp\/v2\/media?parent=193386"}],"wp:term":[{"taxonomy":"category","embeddable":true,"href":"https:\/\/canal7slp.tv\/2026\/wp-json\/wp\/v2\/categories?post=193386"},{"taxonomy":"post_tag","embeddable":true,"href":"https:\/\/canal7slp.tv\/2026\/wp-json\/wp\/v2\/tags?post=193386"}],"curies":[{"name":"wp","href":"https:\/\/api.w.org\/{rel}","templated":true}]}}