{"id":193385,"date":"2026-02-16T19:40:55","date_gmt":"2026-02-17T01:40:55","guid":{"rendered":"https:\/\/canal7slp.tv\/2026\/?p=193385"},"modified":"2026-02-16T19:40:55","modified_gmt":"2026-02-17T01:40:55","slug":"con-300-vacantes-empleate-sin-limites-llevara-a-cabo-secretaria-del-trabajo-en-el-inpojuve","status":"publish","type":"post","link":"https:\/\/canal7slp.tv\/2026\/con-300-vacantes-empleate-sin-limites-llevara-a-cabo-secretaria-del-trabajo-en-el-inpojuve\/","title":{"rendered":"Con 300 vacantes, \u00abEmpl\u00e9ate sin l\u00edmites\u00bb llevar\u00e1 a cabo Secretar\u00eda del Trabajo en el INPOJUVE"},"content":{"rendered":"<ul>\n<li style=\"text-align: justify;\">La feria para acceder a una fuente laboral, se realizar\u00e1 el 19 de febrero con la colaboraci\u00f3n de 11 compa\u00f1\u00edas.<\/li>\n<\/ul>\n<p style=\"text-align: justify;\">SLP.- \u201cEmpl\u00e9ate sin l\u00edmites\u201d se celebrar\u00e1 el d\u00eda 19 de febrero en la explanada del Instituto Potosino de la Juventud, est\u00e1 ser\u00e1 una feria del empleo impulsada desde el nivel, as\u00ed lo expuso el titular de la Secretar\u00eda del Trabajo y Previsi\u00f3n Social, Cris\u00f3gono S\u00e1nchez Lara.<\/p>\n<p style=\"text-align: justify;\">\u00abDecirles que el pr\u00f3ximo d\u00eda 19 de este mes de febrero tendremos una feria nacional del empleo en la explanada del INPUJUVE\u00bb.<\/p>\n<p style=\"text-align: justify;\">Se\u00f1al\u00f3 que la finalidad es disminuir la informalidad y brindar una oportunidad de empleo a la poblaci\u00f3n.<\/p>\n<p style=\"text-align: justify;\">\u00abEl ir abatiendo la informalidad del empleo, naturalmente que estos empleos que se contratar\u00edan en esta pr\u00f3xima feria son empleos formales y donde el trabajador gozar\u00e1 de todos los derechos que marca la ley\u00bb.<\/p>\n<p style=\"text-align: justify;\">Acept\u00f3 que es necesario mejorar la cantidad de personas ocupadas en una labor donde devenguen un sueldo.<\/p>\n<p style=\"text-align: justify;\">\u00abTuvimos algunos vaivenes en las cuestiones del empleo y desempleo, en el cierre del a\u00f1o pero hoy en la actualidad en el mes de enero hemos repuntado con m\u00e1s de dos mil 800 empleos (&#8230;) ahorita ya estamos en 481 mil y fracci\u00f3n de empleos en el estado\u00bb.<\/p>\n<p style=\"text-align: justify;\">En el evento participar\u00e1n industrias metal-mec\u00e1nica, automotriz y pl\u00e1stica; ser\u00e1n 11 empresas que ofertar\u00e1n 300 vacantes, as\u00ed lo indic\u00f3 la directora general de Sinergia, Cinthia Cervantes.<\/p>\n<p style=\"text-align: justify;\">\u00abEntre ellos las vacantes son operador general, gruistas, mec\u00e1nicos, t\u00e9cnicos de laboratorio, t\u00e9cnicos de mantenimiento, t\u00e9cnicos herramentales, soldadores, operadores de m\u00e1quina pesada\u00bb.<\/p>\n<p style=\"text-align: justify;\">Por: Juan Carlos Contreras<\/p>\n","protected":false},"excerpt":{"rendered":"<p>La feria para acceder a una fuente laboral, se realizar\u00e1 el 19 de febrero con la colaboraci\u00f3n de 11 compa\u00f1\u00edas. SLP.- \u201cEmpl\u00e9ate sin l\u00edmites\u201d se celebrar\u00e1 el d\u00eda 19 de febrero en la explanada del Instituto Potosino de la Juventud, est\u00e1 ser\u00e1 una feria del empleo impulsada desde el nivel, as\u00ed lo expuso el titular de la Secretar\u00eda del Trabajo y Previsi\u00f3n Social, Cris\u00f3gono S\u00e1nchez Lara. \u00abDecirles que el pr\u00f3ximo d\u00eda 19 de este mes de febrero tendremos una feria nacional del empleo en la explanada del INPUJUVE\u00bb. Se\u00f1al\u00f3 que la finalidad es disminuir la informalidad y brindar una oportunidad [&hellip;]<\/p>\n","protected":false},"author":2,"featured_media":193394,"comment_status":"closed","ping_status":"closed","sticky":false,"template":"","format":"video","meta":{"_monsterinsights_skip_tracking":false,"_monsterinsights_sitenote_active":false,"_monsterinsights_sitenote_note":"","_monsterinsights_sitenote_category":0,"footnotes":""},"categories":[5,45],"tags":[],"class_list":["post-193385","post","type-post","status-publish","format-video","has-post-thumbnail","hentry","category-destacadas","category-localesyregionales","post_format-post-format-video","post--single"],"_links":{"self":[{"href":"https:\/\/canal7slp.tv\/2026\/wp-json\/wp\/v2\/posts\/193385","targetHints":{"allow":["GET"]}}],"collection":[{"href":"https:\/\/canal7slp.tv\/2026\/wp-json\/wp\/v2\/posts"}],"about":[{"href":"https:\/\/canal7slp.tv\/2026\/wp-json\/wp\/v2\/types\/post"}],"author":[{"embeddable":true,"href":"https:\/\/canal7slp.tv\/2026\/wp-json\/wp\/v2\/users\/2"}],"replies":[{"embeddable":true,"href":"https:\/\/canal7slp.tv\/2026\/wp-json\/wp\/v2\/comments?post=193385"}],"version-history":[{"count":2,"href":"https:\/\/canal7slp.tv\/2026\/wp-json\/wp\/v2\/posts\/193385\/revisions"}],"predecessor-version":[{"id":193412,"href":"https:\/\/canal7slp.tv\/2026\/wp-json\/wp\/v2\/posts\/193385\/revisions\/193412"}],"wp:featuredmedia":[{"embeddable":true,"href":"https:\/\/canal7slp.tv\/2026\/wp-json\/wp\/v2\/media\/193394"}],"wp:attachment":[{"href":"https:\/\/canal7slp.tv\/2026\/wp-json\/wp\/v2\/media?parent=193385"}],"wp:term":[{"taxonomy":"category","embeddable":true,"href":"https:\/\/canal7slp.tv\/2026\/wp-json\/wp\/v2\/categories?post=193385"},{"taxonomy":"post_tag","embeddable":true,"href":"https:\/\/canal7slp.tv\/2026\/wp-json\/wp\/v2\/tags?post=193385"}],"curies":[{"name":"wp","href":"https:\/\/api.w.org\/{rel}","templated":true}]}}