{"id":193371,"date":"2026-02-16T15:18:58","date_gmt":"2026-02-16T21:18:58","guid":{"rendered":"https:\/\/canal7slp.tv\/2026\/?p=193371"},"modified":"2026-02-16T15:18:58","modified_gmt":"2026-02-16T21:18:58","slug":"nadia-lopez-garcia-asume-la-direccion-de-materiales-educativos-de-la-sep","status":"publish","type":"post","link":"https:\/\/canal7slp.tv\/2026\/nadia-lopez-garcia-asume-la-direccion-de-materiales-educativos-de-la-sep\/","title":{"rendered":"Nadia L\u00f3pez Garc\u00eda asume la Direcci\u00f3n de Materiales Educativos de la SEP"},"content":{"rendered":"<p style=\"text-align: justify;\">M\u00e9xico.- Este lunes, Nadia L\u00f3pez Garc\u00eda fue nombrada titular de la Direcci\u00f3n General de Materiales Educativos de la Secretar\u00eda de Educaci\u00f3n P\u00fablica (SEP), en sustituci\u00f3n de Marx Arriaga Navarro.<\/p>\n<p style=\"text-align: justify;\">El anuncio fue realizado por el secretario de Educaci\u00f3n P\u00fablica, Mario Delgado, quien destac\u00f3 la trayectoria de L\u00f3pez Garc\u00eda en los \u00e1mbitos educativo, cultural y literario, as\u00ed como su compromiso con la inclusi\u00f3n y la promoci\u00f3n de la diversidad.<\/p>\n<p style=\"text-align: justify;\">Nadia L\u00f3pez Garc\u00eda es pedagoga, poeta ind\u00edgena y activista en derechos educativos y culturales. Originaria de Oaxaca, es hablante de lengua mixteca y licenciada en Pedagog\u00eda por la Universidad Nacional Aut\u00f3noma de M\u00e9xico (UNAM). Cuenta con amplia experiencia en el dise\u00f1o de materiales educativos, formaci\u00f3n docente y promoci\u00f3n de la lectura.<\/p>\n<p style=\"text-align: justify;\">Previo a su nombramiento, se desempe\u00f1\u00f3 como Coordinadora Nacional de Literatura en el Instituto Nacional de Bellas Artes y Literatura (INBAL), donde impuls\u00f3 proyectos enfocados en juventudes y diversidades culturales. Es autora de once libros, traducidos a varios idiomas, y ha sido reconocida con diversos galardones, entre ellos el Premio Nacional de la Juventud y el Premio Mesoamericano de Poes\u00eda Luis Cardoza y Arag\u00f3n.<\/p>\n<p style=\"text-align: justify;\">Entre sus principales prioridades al frente de la Direcci\u00f3n General de Materiales Educativos se encuentran:<\/p>\n<ul>\n<li style=\"text-align: justify;\">Incorporar contenidos sobre mujeres destacadas en la historia de M\u00e9xico, as\u00ed como sobre comunidades ind\u00edgenas y afrodescendientes, en los libros de texto gratuitos.<\/li>\n<li style=\"text-align: justify;\">Incrementar la producci\u00f3n de materiales en lenguas ind\u00edgenas y en formatos accesibles, como macrotipo y braille, para estudiantes con debilidad visual o que no tienen el espa\u00f1ol como lengua materna.<\/li>\n<li style=\"text-align: justify;\">Fortalecer el enfoque humanista, inclusivo e intercultural de los materiales educativos, en concordancia con los principios de la Nueva Escuela Mexicana.<\/li>\n<\/ul>\n","protected":false},"excerpt":{"rendered":"<p>M\u00e9xico.- Este lunes, Nadia L\u00f3pez Garc\u00eda fue nombrada titular de la Direcci\u00f3n General de Materiales Educativos de la Secretar\u00eda de Educaci\u00f3n P\u00fablica (SEP), en sustituci\u00f3n de Marx Arriaga Navarro. El anuncio fue realizado por el secretario de Educaci\u00f3n P\u00fablica, Mario Delgado, quien destac\u00f3 la trayectoria de L\u00f3pez Garc\u00eda en los \u00e1mbitos educativo, cultural y literario, as\u00ed como su compromiso con la inclusi\u00f3n y la promoci\u00f3n de la diversidad. Nadia L\u00f3pez Garc\u00eda es pedagoga, poeta ind\u00edgena y activista en derechos educativos y culturales. Originaria de Oaxaca, es hablante de lengua mixteca y licenciada en Pedagog\u00eda por la Universidad Nacional Aut\u00f3noma de [&hellip;]<\/p>\n","protected":false},"author":2,"featured_media":193372,"comment_status":"closed","ping_status":"closed","sticky":false,"template":"","format":"standard","meta":{"_monsterinsights_skip_tracking":false,"_monsterinsights_sitenote_active":false,"_monsterinsights_sitenote_note":"","_monsterinsights_sitenote_category":0,"footnotes":""},"categories":[46],"tags":[],"class_list":["post-193371","post","type-post","status-publish","format-standard","has-post-thumbnail","hentry","category-nacional","post--single"],"_links":{"self":[{"href":"https:\/\/canal7slp.tv\/2026\/wp-json\/wp\/v2\/posts\/193371","targetHints":{"allow":["GET"]}}],"collection":[{"href":"https:\/\/canal7slp.tv\/2026\/wp-json\/wp\/v2\/posts"}],"about":[{"href":"https:\/\/canal7slp.tv\/2026\/wp-json\/wp\/v2\/types\/post"}],"author":[{"embeddable":true,"href":"https:\/\/canal7slp.tv\/2026\/wp-json\/wp\/v2\/users\/2"}],"replies":[{"embeddable":true,"href":"https:\/\/canal7slp.tv\/2026\/wp-json\/wp\/v2\/comments?post=193371"}],"version-history":[{"count":1,"href":"https:\/\/canal7slp.tv\/2026\/wp-json\/wp\/v2\/posts\/193371\/revisions"}],"predecessor-version":[{"id":193373,"href":"https:\/\/canal7slp.tv\/2026\/wp-json\/wp\/v2\/posts\/193371\/revisions\/193373"}],"wp:featuredmedia":[{"embeddable":true,"href":"https:\/\/canal7slp.tv\/2026\/wp-json\/wp\/v2\/media\/193372"}],"wp:attachment":[{"href":"https:\/\/canal7slp.tv\/2026\/wp-json\/wp\/v2\/media?parent=193371"}],"wp:term":[{"taxonomy":"category","embeddable":true,"href":"https:\/\/canal7slp.tv\/2026\/wp-json\/wp\/v2\/categories?post=193371"},{"taxonomy":"post_tag","embeddable":true,"href":"https:\/\/canal7slp.tv\/2026\/wp-json\/wp\/v2\/tags?post=193371"}],"curies":[{"name":"wp","href":"https:\/\/api.w.org\/{rel}","templated":true}]}}