{"id":193350,"date":"2026-02-16T14:34:10","date_gmt":"2026-02-16T20:34:10","guid":{"rendered":"https:\/\/canal7slp.tv\/2026\/?p=193350"},"modified":"2026-02-16T14:34:10","modified_gmt":"2026-02-16T20:34:10","slug":"mexico-y-canada-aceleran-alianza-estrategica-ante-revision-del-t-mec","status":"publish","type":"post","link":"https:\/\/canal7slp.tv\/2026\/mexico-y-canada-aceleran-alianza-estrategica-ante-revision-del-t-mec\/","title":{"rendered":"M\u00e9xico y Canad\u00e1 aceleran alianza estrat\u00e9gica ante revisi\u00f3n del T-MEC"},"content":{"rendered":"<p style=\"text-align: justify;\">\n<p style=\"text-align: justify;\">M\u00e9xico.- En el contexto de la renegociaci\u00f3n del Tratado entre M\u00e9xico, Estados Unidos y Canad\u00e1 (T-MEC), el canciller mexicano, Marcelo Ebrard, sostuvo una reuni\u00f3n en Ciudad de M\u00e9xico con el ministro canadiense de Asuntos Intergubernamentales, Dominique LeBlanc, con el objetivo de establecer un plan de acci\u00f3n bilateral orientado a fortalecer las inversiones, el comercio y la reducci\u00f3n de barreras regulatorias.<\/p>\n<p style=\"text-align: justify;\">Ebrard se\u00f1al\u00f3 que esta iniciativa busca acelerar agendas estrat\u00e9gicas entre ambos pa\u00edses y complementar el T-MEC, que regula la integraci\u00f3n econ\u00f3mica regional con Estados Unidos. Se prev\u00e9 que la estrategia bilateral quede definida durante el segundo semestre de 2026.<\/p>\n<p style=\"text-align: justify;\">El encuentro reuni\u00f3 a aproximadamente 900 empresas de M\u00e9xico y Canad\u00e1, lo que refleja el creciente inter\u00e9s del sector privado en consolidar la relaci\u00f3n comercial. Como parte de este proceso, se acord\u00f3 abrir dos l\u00edneas de trabajo: un di\u00e1logo directo entre empresas y la elaboraci\u00f3n de un plan de acci\u00f3n para los pr\u00f3ximos a\u00f1os, resultado de la colaboraci\u00f3n entre los sectores p\u00fablico y privado.<\/p>\n<p style=\"text-align: justify;\">La delegaci\u00f3n canadiense tambi\u00e9n tiene previsto visitar Monterrey y Guadalajara como parte de su misi\u00f3n comercial, con el fin de explorar nuevas oportunidades de inversi\u00f3n.<\/p>\n<p style=\"text-align: justify;\">La hoja de ruta bilateral contempla \u00e1reas estrat\u00e9gicas como minerales, desarrollo portuario, infraestructura, seguridad en las cadenas de suministro y programas de oportunidades para j\u00f3venes de ambos pa\u00edses. Durante el evento, adem\u00e1s, se formaliz\u00f3 un memorando de entendimiento entre el Consejo Empresarial de Canad\u00e1 y el Consejo Coordinador Empresarial (CCE) de M\u00e9xico, con el prop\u00f3sito de fortalecer la cooperaci\u00f3n entre el sector empresarial.<\/p>\n<p style=\"text-align: justify;\">Por su parte, LeBlanc destac\u00f3 el inter\u00e9s de Canad\u00e1 en profundizar la colaboraci\u00f3n con M\u00e9xico en sectores como agricultura, manufactura avanzada, tecnolog\u00edas limpias, industrias creativas y tecnolog\u00edas de la informaci\u00f3n. Asimismo, celebr\u00f3 la pr\u00f3xima visita de empresarios mexicanos a Canad\u00e1 como parte del fortalecimiento de los v\u00ednculos econ\u00f3micos.<\/p>\n<p style=\"text-align: justify;\">Ebrard agradeci\u00f3 el respaldo del gobierno canadiense y reiter\u00f3 el compromiso de M\u00e9xico de convertir los acuerdos en proyectos concretos. Estos esfuerzos se desarrollan en un contexto de tensiones comerciales con Estados Unidos, particularmente ante las pol\u00edticas impulsadas por el presidente Donald Trump y la revisi\u00f3n del T-MEC prevista para julio.<\/p>\n","protected":false},"excerpt":{"rendered":"<p>M\u00e9xico.- En el contexto de la renegociaci\u00f3n del Tratado entre M\u00e9xico, Estados Unidos y Canad\u00e1 (T-MEC), el canciller mexicano, Marcelo Ebrard, sostuvo una reuni\u00f3n en Ciudad de M\u00e9xico con el ministro canadiense de Asuntos Intergubernamentales, Dominique LeBlanc, con el objetivo de establecer un plan de acci\u00f3n bilateral orientado a fortalecer las inversiones, el comercio y la reducci\u00f3n de barreras regulatorias. Ebrard se\u00f1al\u00f3 que esta iniciativa busca acelerar agendas estrat\u00e9gicas entre ambos pa\u00edses y complementar el T-MEC, que regula la integraci\u00f3n econ\u00f3mica regional con Estados Unidos. Se prev\u00e9 que la estrategia bilateral quede definida durante el segundo semestre de 2026. El [&hellip;]<\/p>\n","protected":false},"author":2,"featured_media":193351,"comment_status":"closed","ping_status":"closed","sticky":false,"template":"","format":"standard","meta":{"_monsterinsights_skip_tracking":false,"_monsterinsights_sitenote_active":false,"_monsterinsights_sitenote_note":"","_monsterinsights_sitenote_category":0,"footnotes":""},"categories":[40],"tags":[],"class_list":["post-193350","post","type-post","status-publish","format-standard","has-post-thumbnail","hentry","category-economia","post--single"],"_links":{"self":[{"href":"https:\/\/canal7slp.tv\/2026\/wp-json\/wp\/v2\/posts\/193350","targetHints":{"allow":["GET"]}}],"collection":[{"href":"https:\/\/canal7slp.tv\/2026\/wp-json\/wp\/v2\/posts"}],"about":[{"href":"https:\/\/canal7slp.tv\/2026\/wp-json\/wp\/v2\/types\/post"}],"author":[{"embeddable":true,"href":"https:\/\/canal7slp.tv\/2026\/wp-json\/wp\/v2\/users\/2"}],"replies":[{"embeddable":true,"href":"https:\/\/canal7slp.tv\/2026\/wp-json\/wp\/v2\/comments?post=193350"}],"version-history":[{"count":1,"href":"https:\/\/canal7slp.tv\/2026\/wp-json\/wp\/v2\/posts\/193350\/revisions"}],"predecessor-version":[{"id":193352,"href":"https:\/\/canal7slp.tv\/2026\/wp-json\/wp\/v2\/posts\/193350\/revisions\/193352"}],"wp:featuredmedia":[{"embeddable":true,"href":"https:\/\/canal7slp.tv\/2026\/wp-json\/wp\/v2\/media\/193351"}],"wp:attachment":[{"href":"https:\/\/canal7slp.tv\/2026\/wp-json\/wp\/v2\/media?parent=193350"}],"wp:term":[{"taxonomy":"category","embeddable":true,"href":"https:\/\/canal7slp.tv\/2026\/wp-json\/wp\/v2\/categories?post=193350"},{"taxonomy":"post_tag","embeddable":true,"href":"https:\/\/canal7slp.tv\/2026\/wp-json\/wp\/v2\/tags?post=193350"}],"curies":[{"name":"wp","href":"https:\/\/api.w.org\/{rel}","templated":true}]}}