{"id":193199,"date":"2026-02-13T17:53:09","date_gmt":"2026-02-13T23:53:09","guid":{"rendered":"https:\/\/canal7slp.tv\/2026\/?p=193199"},"modified":"2026-02-13T17:53:09","modified_gmt":"2026-02-13T23:53:09","slug":"mediante-feria-de-las-carreras-la-uaslp-muestra-oferta-academica-a-jovenes-e-interesados","status":"publish","type":"post","link":"https:\/\/canal7slp.tv\/2026\/mediante-feria-de-las-carreras-la-uaslp-muestra-oferta-academica-a-jovenes-e-interesados\/","title":{"rendered":"Mediante Feria de las Carreras, la UASLP muestra oferta acad\u00e9mica a j\u00f3venes e interesados"},"content":{"rendered":"<p style=\"text-align: justify;\">SLP.- Los d\u00edas 20 y 21 de febrero se celebrar\u00e1 la Feria de las Carreras en donde j\u00f3venes estudiantes interesados, podr\u00e1n conocer la oferta acad\u00e9mica con la que cuenta la Universidad Aut\u00f3noma de San Luis Potos\u00ed, as\u00ed lo expuso el rector Alejandro Javier Zerme\u00f1o Guerra.<\/p>\n<p style=\"text-align: justify;\">\u201cPara eso estamos haciendo la Feria de las Carreras el 20 y 21 de febrero aqu\u00ed, en donde todas las facultadles vienen, presentan lo que est\u00e1n ofertando de licenciaturas, se invita a los j\u00f3venes de secundaria y prepa par que venga a ver todo lo que se est\u00e1 ofertando\u201d.<\/p>\n<p style=\"text-align: justify;\">Asistir a este evento, implica conocer a profundidad los planes de estudios, materias a recibir, proyectos a desarrollar e incluso la oferta laboral con la que se cuenta al concluir la preparaci\u00f3n.<\/p>\n<p style=\"text-align: justify;\">\u201cMucha gente no sabe lo que es una producci\u00f3n en invernaderos, lo que hace un ingeniero agroindustrial (\u2026) y son 102 entre licenciaturas y t\u00e9cnicos superiores universitarios\u201d.<\/p>\n<p style=\"text-align: justify;\">A la feria acuden alumnos de nivel secundaria y preparatoria.<\/p>\n<p style=\"text-align: justify;\">\u201cSe les invita a todas, incluso de fuera de la capital que venga a conocer la Feria de las Carreras porque tiene inquietudes, ver qu\u00e9 hace un bi\u00f3logo, que hace una gente en \u00e1rea de la salud, en \u00e1reas que no conoce\u201d.<\/p>\n<p style=\"text-align: justify;\">La sede ser\u00e1 el Edificio Central de la Universidad, el d\u00eda viernes 20 el horario de actividades ser\u00e1 de las nueve de la ma\u00f1ana a las seis de la tarde y el d\u00eda s\u00e1bado 21 en un horario de nueve de la ma\u00f1ana a cuatro de la tarde. El acceso se permitir\u00e1 a todo interesado en estudiar el nivel superior.<\/p>\n<p>Por: Juan Carlos Contreras<\/p>\n","protected":false},"excerpt":{"rendered":"<p>SLP.- Los d\u00edas 20 y 21 de febrero se celebrar\u00e1 la Feria de las Carreras en donde j\u00f3venes estudiantes interesados, podr\u00e1n conocer la oferta acad\u00e9mica con la que cuenta la Universidad Aut\u00f3noma de San Luis Potos\u00ed, as\u00ed lo expuso el rector Alejandro Javier Zerme\u00f1o Guerra. \u201cPara eso estamos haciendo la Feria de las Carreras el 20 y 21 de febrero aqu\u00ed, en donde todas las facultadles vienen, presentan lo que est\u00e1n ofertando de licenciaturas, se invita a los j\u00f3venes de secundaria y prepa par que venga a ver todo lo que se est\u00e1 ofertando\u201d. Asistir a este evento, implica conocer [&hellip;]<\/p>\n","protected":false},"author":2,"featured_media":193205,"comment_status":"closed","ping_status":"closed","sticky":false,"template":"","format":"video","meta":{"_monsterinsights_skip_tracking":false,"_monsterinsights_sitenote_active":false,"_monsterinsights_sitenote_note":"","_monsterinsights_sitenote_category":0,"footnotes":""},"categories":[5,45],"tags":[],"class_list":["post-193199","post","type-post","status-publish","format-video","has-post-thumbnail","hentry","category-destacadas","category-localesyregionales","post_format-post-format-video","post--single"],"_links":{"self":[{"href":"https:\/\/canal7slp.tv\/2026\/wp-json\/wp\/v2\/posts\/193199","targetHints":{"allow":["GET"]}}],"collection":[{"href":"https:\/\/canal7slp.tv\/2026\/wp-json\/wp\/v2\/posts"}],"about":[{"href":"https:\/\/canal7slp.tv\/2026\/wp-json\/wp\/v2\/types\/post"}],"author":[{"embeddable":true,"href":"https:\/\/canal7slp.tv\/2026\/wp-json\/wp\/v2\/users\/2"}],"replies":[{"embeddable":true,"href":"https:\/\/canal7slp.tv\/2026\/wp-json\/wp\/v2\/comments?post=193199"}],"version-history":[{"count":2,"href":"https:\/\/canal7slp.tv\/2026\/wp-json\/wp\/v2\/posts\/193199\/revisions"}],"predecessor-version":[{"id":193206,"href":"https:\/\/canal7slp.tv\/2026\/wp-json\/wp\/v2\/posts\/193199\/revisions\/193206"}],"wp:featuredmedia":[{"embeddable":true,"href":"https:\/\/canal7slp.tv\/2026\/wp-json\/wp\/v2\/media\/193205"}],"wp:attachment":[{"href":"https:\/\/canal7slp.tv\/2026\/wp-json\/wp\/v2\/media?parent=193199"}],"wp:term":[{"taxonomy":"category","embeddable":true,"href":"https:\/\/canal7slp.tv\/2026\/wp-json\/wp\/v2\/categories?post=193199"},{"taxonomy":"post_tag","embeddable":true,"href":"https:\/\/canal7slp.tv\/2026\/wp-json\/wp\/v2\/tags?post=193199"}],"curies":[{"name":"wp","href":"https:\/\/api.w.org\/{rel}","templated":true}]}}