{"id":193181,"date":"2026-02-13T15:11:32","date_gmt":"2026-02-13T21:11:32","guid":{"rendered":"https:\/\/canal7slp.tv\/2026\/?p=193181"},"modified":"2026-02-13T15:11:32","modified_gmt":"2026-02-13T21:11:32","slug":"reza-pahlavi-pide-intervencion-internacional-para-derribar-al-regimen-irani","status":"publish","type":"post","link":"https:\/\/canal7slp.tv\/2026\/reza-pahlavi-pide-intervencion-internacional-para-derribar-al-regimen-irani\/","title":{"rendered":"Reza Pahlavi pide intervenci\u00f3n internacional para derribar al r\u00e9gimen iran\u00ed"},"content":{"rendered":"<p style=\"text-align: justify;\" data-start=\"2157\" data-end=\"2410\">M\u00fanich.- Reza Pahlavi, hijo del \u00faltimo sah de Ir\u00e1n, afirm\u00f3 este viernes durante la Conferencia de Seguridad de M\u00fanich que, a su juicio, muchos ciudadanos iran\u00edes desean una intervenci\u00f3n que les permita tener la \u201coportunidad\u201d de poner fin a la Rep\u00fablica Isl\u00e1mica.<\/p>\n<p style=\"text-align: justify;\" data-start=\"2412\" data-end=\"2672\">Durante una conversaci\u00f3n con la periodista estadounidense Christiane Amanpour, Pahlavi se\u00f1al\u00f3: \u201cMuchos iran\u00edes dentro y fuera del pa\u00eds quieren una intervenci\u00f3n que neutralice el instrumento de represi\u00f3n del r\u00e9gimen, lo que finalmente nos dar\u00e1 una oportunidad\u201d.<\/p>\n<p style=\"text-align: justify;\" data-start=\"2674\" data-end=\"3068\">El ex pr\u00edncipe heredero subray\u00f3 la necesidad de apoyo internacional para equilibrar las condiciones y hacer posible el derrocamiento del r\u00e9gimen, al que calific\u00f3 como opresor. Seg\u00fan explic\u00f3, esta demanda es compartida por prisioneros pol\u00edticos y miembros de la sociedad civil con los que mantiene contacto dentro del pa\u00eds, donde, asegur\u00f3, existe \u201cun mar de sangre entre el pueblo y el r\u00e9gimen\u201d.<\/p>\n<p style=\"text-align: justify;\" data-start=\"3070\" data-end=\"3357\">Asimismo, calific\u00f3 la represi\u00f3n de las recientes protestas como de \u201cnivel de genocidio\u201d. Las manifestaciones comenzaron el 28 de diciembre tras la ca\u00edda del valor del rial en Teher\u00e1n y r\u00e1pidamente se extendieron a otras ciudades, con demandas que exig\u00edan el fin de la Rep\u00fablica Isl\u00e1mica.<\/p>\n<p style=\"text-align: justify;\" data-start=\"3359\" data-end=\"3632\">El gobierno iran\u00ed reconoce un saldo de 3,117 muertos, mientras que la ONG opositora HRANA, con sede en Estados Unidos, eleva la cifra a 7,005 v\u00edctimas. Adem\u00e1s, la organizaci\u00f3n contin\u00faa verificando m\u00e1s de 11,600 posibles fallecimientos y estima alrededor de 51,000 arrestos.<\/p>\n<p style=\"text-align: justify;\" data-start=\"3634\" data-end=\"3936\">Pahlavi tambi\u00e9n se refiri\u00f3 a las declaraciones del presidente estadounidense Donald Trump, quien en enero prometi\u00f3 que hab\u00eda \u201cayuda en camino\u201d. El pol\u00edtico consider\u00f3 que una intervenci\u00f3n militar a\u00fan no se ha concretado porque Trump \u201cnecesita convencer al mundo\u201d de que la v\u00eda diplom\u00e1tica se ha agotado.<\/p>\n<p style=\"text-align: justify;\" data-start=\"3938\" data-end=\"4268\">En este contexto, las negociaciones sobre el programa nuclear iran\u00ed se reanudaron la semana pasada entre Ir\u00e1n y Estados Unidos. Sin embargo, Trump ha advertido que podr\u00eda recurrir a una intervenci\u00f3n militar si no se alcanza un acuerdo, amenazas que han estado acompa\u00f1adas por el despliegue de una flota en aguas del Golfo P\u00e9rsico.<\/p>\n<p style=\"text-align: justify;\" data-start=\"4270\" data-end=\"4526\">Finalmente, Pahlavi inst\u00f3 a la comunidad internacional a decidir si apoyar\u00e1 al pueblo iran\u00ed en su lucha por la libertad o permitir\u00e1 que la situaci\u00f3n permanezca sin cambios. \u201cLa cuesti\u00f3n es si el mundo va a estar del lado correcto de la historia\u201d, concluy\u00f3.<\/p>\n","protected":false},"excerpt":{"rendered":"<p>M\u00fanich.- Reza Pahlavi, hijo del \u00faltimo sah de Ir\u00e1n, afirm\u00f3 este viernes durante la Conferencia de Seguridad de M\u00fanich que, a su juicio, muchos ciudadanos iran\u00edes desean una intervenci\u00f3n que les permita tener la \u201coportunidad\u201d de poner fin a la Rep\u00fablica Isl\u00e1mica. Durante una conversaci\u00f3n con la periodista estadounidense Christiane Amanpour, Pahlavi se\u00f1al\u00f3: \u201cMuchos iran\u00edes dentro y fuera del pa\u00eds quieren una intervenci\u00f3n que neutralice el instrumento de represi\u00f3n del r\u00e9gimen, lo que finalmente nos dar\u00e1 una oportunidad\u201d. El ex pr\u00edncipe heredero subray\u00f3 la necesidad de apoyo internacional para equilibrar las condiciones y hacer posible el derrocamiento del r\u00e9gimen, al [&hellip;]<\/p>\n","protected":false},"author":2,"featured_media":193182,"comment_status":"closed","ping_status":"closed","sticky":false,"template":"","format":"standard","meta":{"_monsterinsights_skip_tracking":false,"_monsterinsights_sitenote_active":false,"_monsterinsights_sitenote_note":"","_monsterinsights_sitenote_category":0,"footnotes":""},"categories":[44],"tags":[],"class_list":["post-193181","post","type-post","status-publish","format-standard","has-post-thumbnail","hentry","category-internacional","post--single"],"_links":{"self":[{"href":"https:\/\/canal7slp.tv\/2026\/wp-json\/wp\/v2\/posts\/193181","targetHints":{"allow":["GET"]}}],"collection":[{"href":"https:\/\/canal7slp.tv\/2026\/wp-json\/wp\/v2\/posts"}],"about":[{"href":"https:\/\/canal7slp.tv\/2026\/wp-json\/wp\/v2\/types\/post"}],"author":[{"embeddable":true,"href":"https:\/\/canal7slp.tv\/2026\/wp-json\/wp\/v2\/users\/2"}],"replies":[{"embeddable":true,"href":"https:\/\/canal7slp.tv\/2026\/wp-json\/wp\/v2\/comments?post=193181"}],"version-history":[{"count":1,"href":"https:\/\/canal7slp.tv\/2026\/wp-json\/wp\/v2\/posts\/193181\/revisions"}],"predecessor-version":[{"id":193183,"href":"https:\/\/canal7slp.tv\/2026\/wp-json\/wp\/v2\/posts\/193181\/revisions\/193183"}],"wp:featuredmedia":[{"embeddable":true,"href":"https:\/\/canal7slp.tv\/2026\/wp-json\/wp\/v2\/media\/193182"}],"wp:attachment":[{"href":"https:\/\/canal7slp.tv\/2026\/wp-json\/wp\/v2\/media?parent=193181"}],"wp:term":[{"taxonomy":"category","embeddable":true,"href":"https:\/\/canal7slp.tv\/2026\/wp-json\/wp\/v2\/categories?post=193181"},{"taxonomy":"post_tag","embeddable":true,"href":"https:\/\/canal7slp.tv\/2026\/wp-json\/wp\/v2\/tags?post=193181"}],"curies":[{"name":"wp","href":"https:\/\/api.w.org\/{rel}","templated":true}]}}