{"id":193175,"date":"2026-02-13T14:55:33","date_gmt":"2026-02-13T20:55:33","guid":{"rendered":"https:\/\/canal7slp.tv\/2026\/?p=193175"},"modified":"2026-02-13T14:55:33","modified_gmt":"2026-02-13T20:55:33","slug":"ricardo-cordero-con-complicaciones-mecanicas-en-canada","status":"publish","type":"post","link":"https:\/\/canal7slp.tv\/2026\/ricardo-cordero-con-complicaciones-mecanicas-en-canada\/","title":{"rendered":"Ricardo Cordero con complicaciones mec\u00e1nicas en Canad\u00e1"},"content":{"rendered":"<p style=\"text-align: justify;\">SLP.- La temporada 2026 del Canadian Rally Championship dio inicio oficialmente y las bajas temperaturas fueron el reto a enfrentar en la primera fecha del campeonato. Cordero y Hern\u00e1ndez tuvieron una jornada complicada al enfrentarse por primera vez a un clima tan extremadamente fr\u00edo en el pa\u00eds de la hoja de maple.<\/p>\n<p style=\"text-align: justify;\">El rally transcurri\u00f3 de manera normal en las primeras etapas, r\u00e1pidamente Cordero se colocaba en segundo lugar de la competici\u00f3n, pero una falla con el alternador fren\u00f3 el ritmo de la dupla mexicana, al realizar la reparaci\u00f3n se perdieron 3 etapas y una ventaja considerable contra sus competidores. Al regresar a los tramos y empezar a recuperar tiempos un problema con la v\u00e1lvula del motor que se vio obstruida por el hielo gener\u00f3 el segundo imprevisto de la jornada, problema causado por las bajas temperaturas provocando as\u00ed que el motor fallara causando el abandono del rally.<\/p>\n<p>Ahora tocar\u00e1 un momento de receso para el piloto potosino puesto que la temporada del rallismo nacional dar\u00e1 inicio tentativamente a mediados del mes de marzo, en lo que compete al calendario canadiense la fecha 2 se efectuar\u00e1 el 29 de mayo en Invermere en Columbia Brit\u00e1nica.<\/p>\n","protected":false},"excerpt":{"rendered":"<p>SLP.- La temporada 2026 del Canadian Rally Championship dio inicio oficialmente y las bajas temperaturas fueron el reto a enfrentar en la primera fecha del campeonato. Cordero y Hern\u00e1ndez tuvieron una jornada complicada al enfrentarse por primera vez a un clima tan extremadamente fr\u00edo en el pa\u00eds de la hoja de maple. El rally transcurri\u00f3 de manera normal en las primeras etapas, r\u00e1pidamente Cordero se colocaba en segundo lugar de la competici\u00f3n, pero una falla con el alternador fren\u00f3 el ritmo de la dupla mexicana, al realizar la reparaci\u00f3n se perdieron 3 etapas y una ventaja considerable contra sus competidores. [&hellip;]<\/p>\n","protected":false},"author":2,"featured_media":193178,"comment_status":"closed","ping_status":"closed","sticky":false,"template":"","format":"video","meta":{"_monsterinsights_skip_tracking":false,"_monsterinsights_sitenote_active":false,"_monsterinsights_sitenote_note":"","_monsterinsights_sitenote_category":0,"footnotes":""},"categories":[7,5],"tags":[],"class_list":["post-193175","post","type-post","status-publish","format-video","has-post-thumbnail","hentry","category-deportes","category-destacadas","post_format-post-format-video","post--single"],"_links":{"self":[{"href":"https:\/\/canal7slp.tv\/2026\/wp-json\/wp\/v2\/posts\/193175","targetHints":{"allow":["GET"]}}],"collection":[{"href":"https:\/\/canal7slp.tv\/2026\/wp-json\/wp\/v2\/posts"}],"about":[{"href":"https:\/\/canal7slp.tv\/2026\/wp-json\/wp\/v2\/types\/post"}],"author":[{"embeddable":true,"href":"https:\/\/canal7slp.tv\/2026\/wp-json\/wp\/v2\/users\/2"}],"replies":[{"embeddable":true,"href":"https:\/\/canal7slp.tv\/2026\/wp-json\/wp\/v2\/comments?post=193175"}],"version-history":[{"count":2,"href":"https:\/\/canal7slp.tv\/2026\/wp-json\/wp\/v2\/posts\/193175\/revisions"}],"predecessor-version":[{"id":193179,"href":"https:\/\/canal7slp.tv\/2026\/wp-json\/wp\/v2\/posts\/193175\/revisions\/193179"}],"wp:featuredmedia":[{"embeddable":true,"href":"https:\/\/canal7slp.tv\/2026\/wp-json\/wp\/v2\/media\/193178"}],"wp:attachment":[{"href":"https:\/\/canal7slp.tv\/2026\/wp-json\/wp\/v2\/media?parent=193175"}],"wp:term":[{"taxonomy":"category","embeddable":true,"href":"https:\/\/canal7slp.tv\/2026\/wp-json\/wp\/v2\/categories?post=193175"},{"taxonomy":"post_tag","embeddable":true,"href":"https:\/\/canal7slp.tv\/2026\/wp-json\/wp\/v2\/tags?post=193175"}],"curies":[{"name":"wp","href":"https:\/\/api.w.org\/{rel}","templated":true}]}}