{"id":193081,"date":"2026-02-12T15:14:41","date_gmt":"2026-02-12T21:14:41","guid":{"rendered":"https:\/\/canal7slp.tv\/2026\/?p=193081"},"modified":"2026-02-12T15:14:41","modified_gmt":"2026-02-12T21:14:41","slug":"con-103-votos-a-favor-pleno-del-senado-avala-la-jornada-laboral-de-40-horas","status":"publish","type":"post","link":"https:\/\/canal7slp.tv\/2026\/con-103-votos-a-favor-pleno-del-senado-avala-la-jornada-laboral-de-40-horas\/","title":{"rendered":"Con 103 votos a favor, Pleno del Senado avala la jornada laboral de 40 horas"},"content":{"rendered":"<p style=\"text-align: justify;\">\n<p style=\"text-align: justify;\">M\u00e9xico.- El Pleno del Senado aprob\u00f3, con 103 votos a favor y 15 en contra, una reforma constitucional que reducir\u00e1 la jornada laboral semanal de 48 a 40 horas. La iniciativa, que ser\u00e1 enviada de inmediato a la C\u00e1mara de Diputados, beneficiar\u00e1 a cerca del 65% de la poblaci\u00f3n trabajadora y garantiza que la disminuci\u00f3n de horas no implicar\u00e1 reducci\u00f3n de salarios ni de prestaciones.<\/p>\n<p style=\"text-align: justify;\">La reforma mantiene el derecho a un d\u00eda de descanso por cada seis d\u00edas laborados con goce \u00edntegro de sueldo. Su implementaci\u00f3n ser\u00e1 gradual: en 2026 continuar\u00e1 la jornada de 48 horas; en 2027 bajar\u00e1 a 46; en 2028 a 44; en 2029 a 42; y finalmente, en 2030, quedar\u00e1n establecidas las 40 horas semanales.<\/p>\n<p style=\"text-align: justify;\">Durante la discusi\u00f3n, legisladores del PRI, PAN, Movimiento Ciudadano y Partido Verde propusieron incorporar dos d\u00edas de descanso obligatorios por cada cinco d\u00edas trabajados; sin embargo, la mayor\u00eda de Morena rechaz\u00f3 la modificaci\u00f3n.<\/p>\n<p style=\"text-align: justify;\">El presidente de la Comisi\u00f3n de Puntos Constitucionales, Oscar Cant\u00f3n Zetina, sostuvo que la reducci\u00f3n de la jornada contribuir\u00e1 a disminuir la fatiga y los accidentes laborales, adem\u00e1s de mejorar la salud y la seguridad en el trabajo. Subray\u00f3 que el objetivo es blindar el derecho a la jornada de 40 horas en la Constituci\u00f3n, en respuesta a una demanda hist\u00f3rica de la clase trabajadora.<\/p>\n<p style=\"text-align: justify;\">Desde la oposici\u00f3n, la senadora del PRI, Cristina Ruiz, acus\u00f3 a Morena de no atender de fondo las exigencias sociales, al no establecer la semana laboral de cinco d\u00edas con dos de descanso ni contemplar sanciones m\u00e1s severas contra empleadores que incumplan la ley.<\/p>\n<p style=\"text-align: justify;\">En contraste, Alfonso Cepeda, senador de Morena y dirigente del Sindicato Nacional de Trabajadores de la Educaci\u00f3n, llam\u00f3 a reconocer el impacto positivo de la reforma, especialmente en sectores donde persisten condiciones de explotaci\u00f3n y desigualdad.<\/p>\n<p style=\"text-align: justify;\">Clemente Casta\u00f1eda, coordinador de Movimiento Ciudadano, expres\u00f3 su respaldo al dictamen, aunque lo consider\u00f3 insuficiente al no garantizar constitucionalmente los dos d\u00edas de descanso ni adelantar la entrada en vigor total.<\/p>\n<p style=\"text-align: justify;\">Por su parte, la senadora Geovanna Ba\u00f1uelos, vicecoordinadora del PT, record\u00f3 que el art\u00edculo 123 de la Constituci\u00f3n de 1917 sent\u00f3 las bases de los derechos laborales en M\u00e9xico y afirm\u00f3 que trabajar menos horas no implica producir menos, sino mejorar la calidad de vida.<\/p>\n<p style=\"text-align: justify;\">El senador del PAN, Marko Cort\u00e9s, calific\u00f3 la reforma como un avance, aunque la describi\u00f3 como \u201cjusticia a medias\u201d, al se\u00f1alar que m\u00e1s del 50% de los trabajadores se desempe\u00f1a en la informalidad y no se beneficiar\u00e1 de inmediato. Tambi\u00e9n cuestion\u00f3 la gradualidad del esquema y la ausencia de est\u00edmulos fiscales para micro y peque\u00f1as empresas.<\/p>\n<p style=\"text-align: justify;\">El dictamen adem\u00e1s endurece las restricciones al trabajo extraordinario de menores de edad, ampliando la prohibici\u00f3n hasta los 18 a\u00f1os. Asimismo, establece que la suma de horas ordinarias y extraordinarias no podr\u00e1 exceder las 12 horas diarias.<\/p>\n<p style=\"text-align: justify;\">Con esta modificaci\u00f3n, el Congreso busca actualizar un modelo laboral vigente desde hace m\u00e1s de un siglo. M\u00e9xico se encuentra entre los pa\u00edses con mayor carga laboral en el mundo, sin que ello se traduzca en mayores niveles de productividad o bienestar. Estudios de la Organizaci\u00f3n Mundial de la Salud y la Organizaci\u00f3n Internacional del Trabajo han vinculado las jornadas prolongadas con un mayor riesgo de enfermedades cardiovasculares, agotamiento profesional y otros padecimientos asociados al estr\u00e9s.<\/p>\n<p style=\"text-align: justify;\">La reforma apunta a mejorar el bienestar de los trabajadores, elevar la productividad y reducir riesgos a la salud, bajo la premisa de que la reducci\u00f3n de horas no afectar\u00e1 salarios ni derechos adquiridos.<\/p>\n<p style=\"text-align: justify;\">\n","protected":false},"excerpt":{"rendered":"<p>M\u00e9xico.- El Pleno del Senado aprob\u00f3, con 103 votos a favor y 15 en contra, una reforma constitucional que reducir\u00e1 la jornada laboral semanal de 48 a 40 horas. La iniciativa, que ser\u00e1 enviada de inmediato a la C\u00e1mara de Diputados, beneficiar\u00e1 a cerca del 65% de la poblaci\u00f3n trabajadora y garantiza que la disminuci\u00f3n de horas no implicar\u00e1 reducci\u00f3n de salarios ni de prestaciones. La reforma mantiene el derecho a un d\u00eda de descanso por cada seis d\u00edas laborados con goce \u00edntegro de sueldo. Su implementaci\u00f3n ser\u00e1 gradual: en 2026 continuar\u00e1 la jornada de 48 horas; en 2027 bajar\u00e1 [&hellip;]<\/p>\n","protected":false},"author":2,"featured_media":193082,"comment_status":"closed","ping_status":"closed","sticky":false,"template":"","format":"standard","meta":{"_monsterinsights_skip_tracking":false,"_monsterinsights_sitenote_active":false,"_monsterinsights_sitenote_note":"","_monsterinsights_sitenote_category":0,"footnotes":""},"categories":[46],"tags":[],"class_list":["post-193081","post","type-post","status-publish","format-standard","has-post-thumbnail","hentry","category-nacional","post--single"],"_links":{"self":[{"href":"https:\/\/canal7slp.tv\/2026\/wp-json\/wp\/v2\/posts\/193081","targetHints":{"allow":["GET"]}}],"collection":[{"href":"https:\/\/canal7slp.tv\/2026\/wp-json\/wp\/v2\/posts"}],"about":[{"href":"https:\/\/canal7slp.tv\/2026\/wp-json\/wp\/v2\/types\/post"}],"author":[{"embeddable":true,"href":"https:\/\/canal7slp.tv\/2026\/wp-json\/wp\/v2\/users\/2"}],"replies":[{"embeddable":true,"href":"https:\/\/canal7slp.tv\/2026\/wp-json\/wp\/v2\/comments?post=193081"}],"version-history":[{"count":1,"href":"https:\/\/canal7slp.tv\/2026\/wp-json\/wp\/v2\/posts\/193081\/revisions"}],"predecessor-version":[{"id":193083,"href":"https:\/\/canal7slp.tv\/2026\/wp-json\/wp\/v2\/posts\/193081\/revisions\/193083"}],"wp:featuredmedia":[{"embeddable":true,"href":"https:\/\/canal7slp.tv\/2026\/wp-json\/wp\/v2\/media\/193082"}],"wp:attachment":[{"href":"https:\/\/canal7slp.tv\/2026\/wp-json\/wp\/v2\/media?parent=193081"}],"wp:term":[{"taxonomy":"category","embeddable":true,"href":"https:\/\/canal7slp.tv\/2026\/wp-json\/wp\/v2\/categories?post=193081"},{"taxonomy":"post_tag","embeddable":true,"href":"https:\/\/canal7slp.tv\/2026\/wp-json\/wp\/v2\/tags?post=193081"}],"curies":[{"name":"wp","href":"https:\/\/api.w.org\/{rel}","templated":true}]}}