{"id":193030,"date":"2026-02-12T13:07:28","date_gmt":"2026-02-12T19:07:28","guid":{"rendered":"https:\/\/canal7slp.tv\/2026\/?p=193030"},"modified":"2026-02-12T13:07:28","modified_gmt":"2026-02-12T19:07:28","slug":"cae-empleo-formal-al-peor-nivel-de-enero-desde-2009","status":"publish","type":"post","link":"https:\/\/canal7slp.tv\/2026\/cae-empleo-formal-al-peor-nivel-de-enero-desde-2009\/","title":{"rendered":"Cae empleo formal al peor nivel de enero, desde 2009"},"content":{"rendered":"<p style=\"text-align: justify;\">SLP.- Pierde empleo formal en M\u00e9xico ocho mil 104 puestos al corte de enero.<\/p>\n<p style=\"text-align: justify;\">Este resultado no s\u00e9 hab\u00eda visto en un mes de enero desde 2009 -de acuerdo con los registros del Instituto Mexicano del Seguro Social (IMSS)-.<\/p>\n<p style=\"text-align: justify;\">El Instituto atribuy\u00f3 esta baja principalmente a un ajuste asociado a plataformas digitales; dado que en diciembre se observ\u00f3 un efecto estacional que elev\u00f3 el n\u00famero de trabajadores.<\/p>\n<p style=\"text-align: justify;\">Sin embargo, en enero retornaron a un nivel de 139 mil puestos, como resultado de menor demanda y uso de los servicios ofrecidos por plataformas.<\/p>\n<p style=\"text-align: justify;\">El n\u00famero de trabajadores afiliados se ubic\u00f3 en 22 millones 508 mil 972 -la cifra m\u00e1s baja en cinco meses-.<\/p>\n<p style=\"text-align: justify;\">Aunque este nivel implic\u00f3 un crecimiento anual de 0.9 por ciento, debajo de 1.3 por ciento del mes previo.<\/p>\n<p style=\"text-align: justify;\">Analistas expresan que la ca\u00edda de empleo del primer mes de 2026 podr\u00eda considerarse ligera si se compara con la cancelaci\u00f3n de 105 mil 15 empleos de 2009 -pero este a\u00f1o no hay una crisis financiera de tal magnitud y a\u00fan as\u00ed bajan las plazas-.<\/p>\n<p style=\"text-align: justify;\">\u201cLa debilidad econ\u00f3mica y el incremento de costos laborales impactan la generaci\u00f3n de empleos formales\u201d, fue advertido.<\/p>\n<p style=\"text-align: justify;\">T\u00edpicamente el primer trimestre del a\u00f1o, se recuperan aquellos puestos formales perdidos en diciembre del a\u00f1o inmediato anterior.<\/p>\n<p style=\"text-align: justify;\">No obstante, las cifras de enero revelan que no hay una tendencia de recuperaci\u00f3n clara.<\/p>\n<p style=\"text-align: justify;\">En 17 estados, el empleo formal habr\u00eda reportado retrocesos.<\/p>\n<p style=\"text-align: justify;\">Las mayores bajas se dieron en Campeche y Sonora, con 4.1 y 2.6 por ciento, respectivamente.<\/p>\n<p>Por: Paulina Rodr\u00edguez<\/p>\n","protected":false},"excerpt":{"rendered":"<p>SLP.- Pierde empleo formal en M\u00e9xico ocho mil 104 puestos al corte de enero. Este resultado no s\u00e9 hab\u00eda visto en un mes de enero desde 2009 -de acuerdo con los registros del Instituto Mexicano del Seguro Social (IMSS)-. El Instituto atribuy\u00f3 esta baja principalmente a un ajuste asociado a plataformas digitales; dado que en diciembre se observ\u00f3 un efecto estacional que elev\u00f3 el n\u00famero de trabajadores. Sin embargo, en enero retornaron a un nivel de 139 mil puestos, como resultado de menor demanda y uso de los servicios ofrecidos por plataformas. El n\u00famero de trabajadores afiliados se ubic\u00f3 en [&hellip;]<\/p>\n","protected":false},"author":2,"featured_media":193033,"comment_status":"closed","ping_status":"closed","sticky":false,"template":"","format":"video","meta":{"_monsterinsights_skip_tracking":false,"_monsterinsights_sitenote_active":false,"_monsterinsights_sitenote_note":"","_monsterinsights_sitenote_category":0,"footnotes":""},"categories":[5,40,45],"tags":[],"class_list":["post-193030","post","type-post","status-publish","format-video","has-post-thumbnail","hentry","category-destacadas","category-economia","category-localesyregionales","post_format-post-format-video","post--single"],"_links":{"self":[{"href":"https:\/\/canal7slp.tv\/2026\/wp-json\/wp\/v2\/posts\/193030","targetHints":{"allow":["GET"]}}],"collection":[{"href":"https:\/\/canal7slp.tv\/2026\/wp-json\/wp\/v2\/posts"}],"about":[{"href":"https:\/\/canal7slp.tv\/2026\/wp-json\/wp\/v2\/types\/post"}],"author":[{"embeddable":true,"href":"https:\/\/canal7slp.tv\/2026\/wp-json\/wp\/v2\/users\/2"}],"replies":[{"embeddable":true,"href":"https:\/\/canal7slp.tv\/2026\/wp-json\/wp\/v2\/comments?post=193030"}],"version-history":[{"count":3,"href":"https:\/\/canal7slp.tv\/2026\/wp-json\/wp\/v2\/posts\/193030\/revisions"}],"predecessor-version":[{"id":193039,"href":"https:\/\/canal7slp.tv\/2026\/wp-json\/wp\/v2\/posts\/193030\/revisions\/193039"}],"wp:featuredmedia":[{"embeddable":true,"href":"https:\/\/canal7slp.tv\/2026\/wp-json\/wp\/v2\/media\/193033"}],"wp:attachment":[{"href":"https:\/\/canal7slp.tv\/2026\/wp-json\/wp\/v2\/media?parent=193030"}],"wp:term":[{"taxonomy":"category","embeddable":true,"href":"https:\/\/canal7slp.tv\/2026\/wp-json\/wp\/v2\/categories?post=193030"},{"taxonomy":"post_tag","embeddable":true,"href":"https:\/\/canal7slp.tv\/2026\/wp-json\/wp\/v2\/tags?post=193030"}],"curies":[{"name":"wp","href":"https:\/\/api.w.org\/{rel}","templated":true}]}}