{"id":192977,"date":"2026-02-11T18:54:19","date_gmt":"2026-02-12T00:54:19","guid":{"rendered":"https:\/\/canal7slp.tv\/2026\/?p=192977"},"modified":"2026-02-11T18:54:19","modified_gmt":"2026-02-12T00:54:19","slug":"cuestiona-dirigencia-estatal-del-pan-propuestas-de-la-reforma-electoral","status":"publish","type":"post","link":"https:\/\/canal7slp.tv\/2026\/cuestiona-dirigencia-estatal-del-pan-propuestas-de-la-reforma-electoral\/","title":{"rendered":"Cuestiona dirigencia estatal del PAN propuestas de la Reforma Electoral"},"content":{"rendered":"<p style=\"text-align: justify;\"><span style=\"font-size: 1.21429rem;\">SLP.- En el tema de reducir el financiamiento p\u00fablico a los partidos pol\u00edticos contemplada en la propuesta de reforma electoral de la 4T, el secretario general del Comit\u00e9 Directivo Estatal del PAN, Enrique Dahud Uresti, consider\u00f3 dif\u00edcil que prospere esta iniciativa.<\/span><\/p>\n<p style=\"text-align: justify;\">Afirm\u00f3 que una de las razones ser\u00eda que aprobar esta propuesta el mismo partido en el poder que la propone se ver\u00eda afectado.<\/p>\n<p style=\"text-align: justify;\">Y es que desde la dirigencia nacional se ha dicho que la propuesta de reducci\u00f3n del financiamiento p\u00fablico tiene un doble discurso, al se\u00f1alar que en a\u00f1os anteriores MORENA se opuso a esta iniciativa.<\/p>\n<p style=\"text-align: justify;\">Asimismo, el secretario genral del Comit\u00e9 Directivo Estatal del PAN opin\u00f3 sobre el tema de las aportaciones privadas a candidatos en campa\u00f1as, al se\u00f1alalr que este partido se ha pronunciado por un sistema mixto de financiamiento, es decir, p\u00fablico-privado.<\/p>\n<p>Por: Claudio Ibarra<\/p>\n","protected":false},"excerpt":{"rendered":"<p>SLP.- En el tema de reducir el financiamiento p\u00fablico a los partidos pol\u00edticos contemplada en la propuesta de reforma electoral de la 4T, el secretario general del Comit\u00e9 Directivo Estatal del PAN, Enrique Dahud Uresti, consider\u00f3 dif\u00edcil que prospere esta iniciativa. Afirm\u00f3 que una de las razones ser\u00eda que aprobar esta propuesta el mismo partido en el poder que la propone se ver\u00eda afectado. Y es que desde la dirigencia nacional se ha dicho que la propuesta de reducci\u00f3n del financiamiento p\u00fablico tiene un doble discurso, al se\u00f1alar que en a\u00f1os anteriores MORENA se opuso a esta iniciativa. Asimismo, el [&hellip;]<\/p>\n","protected":false},"author":2,"featured_media":193006,"comment_status":"closed","ping_status":"closed","sticky":false,"template":"","format":"video","meta":{"_monsterinsights_skip_tracking":false,"_monsterinsights_sitenote_active":false,"_monsterinsights_sitenote_note":"","_monsterinsights_sitenote_category":0,"footnotes":""},"categories":[5,45],"tags":[],"class_list":["post-192977","post","type-post","status-publish","format-video","has-post-thumbnail","hentry","category-destacadas","category-localesyregionales","post_format-post-format-video","post--single"],"_links":{"self":[{"href":"https:\/\/canal7slp.tv\/2026\/wp-json\/wp\/v2\/posts\/192977","targetHints":{"allow":["GET"]}}],"collection":[{"href":"https:\/\/canal7slp.tv\/2026\/wp-json\/wp\/v2\/posts"}],"about":[{"href":"https:\/\/canal7slp.tv\/2026\/wp-json\/wp\/v2\/types\/post"}],"author":[{"embeddable":true,"href":"https:\/\/canal7slp.tv\/2026\/wp-json\/wp\/v2\/users\/2"}],"replies":[{"embeddable":true,"href":"https:\/\/canal7slp.tv\/2026\/wp-json\/wp\/v2\/comments?post=192977"}],"version-history":[{"count":4,"href":"https:\/\/canal7slp.tv\/2026\/wp-json\/wp\/v2\/posts\/192977\/revisions"}],"predecessor-version":[{"id":193007,"href":"https:\/\/canal7slp.tv\/2026\/wp-json\/wp\/v2\/posts\/192977\/revisions\/193007"}],"wp:featuredmedia":[{"embeddable":true,"href":"https:\/\/canal7slp.tv\/2026\/wp-json\/wp\/v2\/media\/193006"}],"wp:attachment":[{"href":"https:\/\/canal7slp.tv\/2026\/wp-json\/wp\/v2\/media?parent=192977"}],"wp:term":[{"taxonomy":"category","embeddable":true,"href":"https:\/\/canal7slp.tv\/2026\/wp-json\/wp\/v2\/categories?post=192977"},{"taxonomy":"post_tag","embeddable":true,"href":"https:\/\/canal7slp.tv\/2026\/wp-json\/wp\/v2\/tags?post=192977"}],"curies":[{"name":"wp","href":"https:\/\/api.w.org\/{rel}","templated":true}]}}