{"id":192974,"date":"2026-02-11T18:48:16","date_gmt":"2026-02-12T00:48:16","guid":{"rendered":"https:\/\/canal7slp.tv\/2026\/?p=192974"},"modified":"2026-02-11T18:48:16","modified_gmt":"2026-02-12T00:48:16","slug":"combaten-elementos-del-ejercito-mexicano-incendio-en-municipios-del-norte-del-estado","status":"publish","type":"post","link":"https:\/\/canal7slp.tv\/2026\/combaten-elementos-del-ejercito-mexicano-incendio-en-municipios-del-norte-del-estado\/","title":{"rendered":"Combaten elementos del Ej\u00e9rcito Mexicano incendio en municipios del norte del estado"},"content":{"rendered":"<p style=\"text-align: justify;\"><span style=\"font-size: 1.21429rem;\">SLP.- En este mes de Febrero el Ej\u00e9rcito y Fuerza A\u00e9rea Mexicanos llevar\u00e1n a cabo una serie de eventos y a los que invita a la poblaci\u00f3n en general, a sumarse y participar de manera activa.<\/span><\/p>\n<p style=\"text-align: justify;\">Se realizar\u00e1n actividades culturales y deportivas y ceremonias como izamiento de banderas monumentales alusivas al D\u00eda del Ej\u00e9rcito y D\u00eda de la Bandera, adem\u00e1s de otros eventos en la Calzada de Guadalupe y en la que se espera la participaci\u00f3n activa de la gente.<\/p>\n<p style=\"text-align: justify;\">El objetivo es el de fomentar una cultura de unidad nacional, y permitir que las familias conozcan de cerca la labor social y los valores de esta instituci\u00f3n pero tambi\u00e9n, la parte operativa dentro del Plan DNII en auxilio a la poblaci\u00f3n civil.<\/p>\n<p style=\"text-align: justify;\">En este contexto, el general jefe de estado mayor presidencial de la Doceava Zona Militar inform\u00f3 que personal del ej\u00e9rcito coadyuva en las labores para sofocar los incendios forestales, que se han presentado en los municipios de Santo Domingo y Charcas.<\/p>\n<p>Por: Claudio Ibarra<\/p>\n","protected":false},"excerpt":{"rendered":"<p>SLP.- En este mes de Febrero el Ej\u00e9rcito y Fuerza A\u00e9rea Mexicanos llevar\u00e1n a cabo una serie de eventos y a los que invita a la poblaci\u00f3n en general, a sumarse y participar de manera activa. Se realizar\u00e1n actividades culturales y deportivas y ceremonias como izamiento de banderas monumentales alusivas al D\u00eda del Ej\u00e9rcito y D\u00eda de la Bandera, adem\u00e1s de otros eventos en la Calzada de Guadalupe y en la que se espera la participaci\u00f3n activa de la gente. El objetivo es el de fomentar una cultura de unidad nacional, y permitir que las familias conozcan de cerca la [&hellip;]<\/p>\n","protected":false},"author":2,"featured_media":193000,"comment_status":"closed","ping_status":"closed","sticky":false,"template":"","format":"video","meta":{"_monsterinsights_skip_tracking":false,"_monsterinsights_sitenote_active":false,"_monsterinsights_sitenote_note":"","_monsterinsights_sitenote_category":0,"footnotes":""},"categories":[5,45],"tags":[],"class_list":["post-192974","post","type-post","status-publish","format-video","has-post-thumbnail","hentry","category-destacadas","category-localesyregionales","post_format-post-format-video","post--single"],"_links":{"self":[{"href":"https:\/\/canal7slp.tv\/2026\/wp-json\/wp\/v2\/posts\/192974","targetHints":{"allow":["GET"]}}],"collection":[{"href":"https:\/\/canal7slp.tv\/2026\/wp-json\/wp\/v2\/posts"}],"about":[{"href":"https:\/\/canal7slp.tv\/2026\/wp-json\/wp\/v2\/types\/post"}],"author":[{"embeddable":true,"href":"https:\/\/canal7slp.tv\/2026\/wp-json\/wp\/v2\/users\/2"}],"replies":[{"embeddable":true,"href":"https:\/\/canal7slp.tv\/2026\/wp-json\/wp\/v2\/comments?post=192974"}],"version-history":[{"count":4,"href":"https:\/\/canal7slp.tv\/2026\/wp-json\/wp\/v2\/posts\/192974\/revisions"}],"predecessor-version":[{"id":193001,"href":"https:\/\/canal7slp.tv\/2026\/wp-json\/wp\/v2\/posts\/192974\/revisions\/193001"}],"wp:featuredmedia":[{"embeddable":true,"href":"https:\/\/canal7slp.tv\/2026\/wp-json\/wp\/v2\/media\/193000"}],"wp:attachment":[{"href":"https:\/\/canal7slp.tv\/2026\/wp-json\/wp\/v2\/media?parent=192974"}],"wp:term":[{"taxonomy":"category","embeddable":true,"href":"https:\/\/canal7slp.tv\/2026\/wp-json\/wp\/v2\/categories?post=192974"},{"taxonomy":"post_tag","embeddable":true,"href":"https:\/\/canal7slp.tv\/2026\/wp-json\/wp\/v2\/tags?post=192974"}],"curies":[{"name":"wp","href":"https:\/\/api.w.org\/{rel}","templated":true}]}}