{"id":192925,"date":"2026-02-11T14:29:38","date_gmt":"2026-02-11T20:29:38","guid":{"rendered":"https:\/\/canal7slp.tv\/2026\/?p=192925"},"modified":"2026-02-11T14:29:38","modified_gmt":"2026-02-11T20:29:38","slug":"presidencia-exhorta-a-solidarizarse-con-cuba","status":"publish","type":"post","link":"https:\/\/canal7slp.tv\/2026\/presidencia-exhorta-a-solidarizarse-con-cuba\/","title":{"rendered":"Presidencia exhorta a solidarizarse con Cuba"},"content":{"rendered":"<p style=\"text-align: justify;\">\n<p style=\"text-align: justify;\">M\u00e9xico.- Este mi\u00e9rcoles, desde Palacio Nacional, la presidenta Claudia Sheinbaum convoc\u00f3 a la poblaci\u00f3n mexicana a solidarizarse con Cuba mediante el env\u00edo de ayuda humanitaria. Inform\u00f3 que m\u00e1s de 800 toneladas de insumos ser\u00e1n enviadas a la isla y se\u00f1al\u00f3 que el Gobierno de M\u00e9xico facilitar\u00e1 un enlace con las organizaciones que ya han iniciado campa\u00f1as de recolecci\u00f3n de v\u00edveres.<\/p>\n<p style=\"text-align: justify;\">La iniciativa se da luego de que el pasado domingo zarparan dos buques con ayuda humanitaria rumbo a Cuba. En paralelo, grupos de cubanos residentes en M\u00e9xico convocaron a una campa\u00f1a de acopio de medicamentos y alimentos, apelando a la solidaridad y fraternidad entre ambos pueblos.<\/p>\n<p style=\"text-align: justify;\">El Colectivo de Solidaridad Militante \u201cVa por Cuba\u201d y la Asociaci\u00f3n de Cubanos Residentes en M\u00e9xico Jos\u00e9 Mart\u00ed A.C. instalar\u00e1n un centro de acopio en el Z\u00f3calo de la Ciudad de M\u00e9xico del 14 al 22 de febrero. En ese periodo se recibir\u00e1n los siguientes art\u00edculos:<\/p>\n<p style=\"text-align: justify;\">Alimentos:<\/p>\n<ul style=\"text-align: justify;\">\n<li>Leche en polvo<\/li>\n<li>Aceite<\/li>\n<li>Arroz<\/li>\n<li>Frijoles<\/li>\n<li>Lentejas<\/li>\n<li>Az\u00facar<\/li>\n<li>At\u00fan en lata o sobre<\/li>\n<li>Sardinas<\/li>\n<li>Espagueti<\/li>\n<\/ul>\n<p style=\"text-align: justify;\">Medicamentos y material quir\u00fargico:<\/p>\n<ul style=\"text-align: justify;\">\n<li>Insulina<\/li>\n<li>Jeringas n\u00fameros 3 y 5<\/li>\n<li>Prednisona de 20 mg<\/li>\n<li>Antipir\u00e9ticos<\/li>\n<li>Metamizol s\u00f3dico<\/li>\n<li>Complejo B<\/li>\n<li>Diclofenaco de 100 mg<\/li>\n<li>Paracetamol<\/li>\n<li>Difenhidramina en tabletas<\/li>\n<li>Set de infusi\u00f3n con aguja<\/li>\n<\/ul>\n<p style=\"text-align: justify;\">Los organizadores denunciaron el bloqueo econ\u00f3mico impuesto por Estados Unidos desde hace m\u00e1s de 60 a\u00f1os, al que calificaron como un intento de asfixiar al pueblo cubano. Subrayaron que esta acci\u00f3n no constituye un acto de caridad, sino un reconocimiento a la lucha compartida frente a lo que consideran pol\u00edticas hegem\u00f3nicas en la regi\u00f3n.<\/p>\n<p style=\"text-align: justify;\">La campa\u00f1a busca enviar un mensaje claro: \u201cCuba no est\u00e1 sola\u201d, al tiempo que pretende fortalecer los lazos de amistad entre M\u00e9xico y la isla y reafirmar que la solidaridad es fundamental en momentos de crisis.<\/p>\n","protected":false},"excerpt":{"rendered":"<p>M\u00e9xico.- Este mi\u00e9rcoles, desde Palacio Nacional, la presidenta Claudia Sheinbaum convoc\u00f3 a la poblaci\u00f3n mexicana a solidarizarse con Cuba mediante el env\u00edo de ayuda humanitaria. Inform\u00f3 que m\u00e1s de 800 toneladas de insumos ser\u00e1n enviadas a la isla y se\u00f1al\u00f3 que el Gobierno de M\u00e9xico facilitar\u00e1 un enlace con las organizaciones que ya han iniciado campa\u00f1as de recolecci\u00f3n de v\u00edveres. La iniciativa se da luego de que el pasado domingo zarparan dos buques con ayuda humanitaria rumbo a Cuba. En paralelo, grupos de cubanos residentes en M\u00e9xico convocaron a una campa\u00f1a de acopio de medicamentos y alimentos, apelando a la [&hellip;]<\/p>\n","protected":false},"author":2,"featured_media":192926,"comment_status":"closed","ping_status":"closed","sticky":false,"template":"","format":"standard","meta":{"_monsterinsights_skip_tracking":false,"_monsterinsights_sitenote_active":false,"_monsterinsights_sitenote_note":"","_monsterinsights_sitenote_category":0,"footnotes":""},"categories":[46],"tags":[],"class_list":["post-192925","post","type-post","status-publish","format-standard","has-post-thumbnail","hentry","category-nacional","post--single"],"_links":{"self":[{"href":"https:\/\/canal7slp.tv\/2026\/wp-json\/wp\/v2\/posts\/192925","targetHints":{"allow":["GET"]}}],"collection":[{"href":"https:\/\/canal7slp.tv\/2026\/wp-json\/wp\/v2\/posts"}],"about":[{"href":"https:\/\/canal7slp.tv\/2026\/wp-json\/wp\/v2\/types\/post"}],"author":[{"embeddable":true,"href":"https:\/\/canal7slp.tv\/2026\/wp-json\/wp\/v2\/users\/2"}],"replies":[{"embeddable":true,"href":"https:\/\/canal7slp.tv\/2026\/wp-json\/wp\/v2\/comments?post=192925"}],"version-history":[{"count":1,"href":"https:\/\/canal7slp.tv\/2026\/wp-json\/wp\/v2\/posts\/192925\/revisions"}],"predecessor-version":[{"id":192927,"href":"https:\/\/canal7slp.tv\/2026\/wp-json\/wp\/v2\/posts\/192925\/revisions\/192927"}],"wp:featuredmedia":[{"embeddable":true,"href":"https:\/\/canal7slp.tv\/2026\/wp-json\/wp\/v2\/media\/192926"}],"wp:attachment":[{"href":"https:\/\/canal7slp.tv\/2026\/wp-json\/wp\/v2\/media?parent=192925"}],"wp:term":[{"taxonomy":"category","embeddable":true,"href":"https:\/\/canal7slp.tv\/2026\/wp-json\/wp\/v2\/categories?post=192925"},{"taxonomy":"post_tag","embeddable":true,"href":"https:\/\/canal7slp.tv\/2026\/wp-json\/wp\/v2\/tags?post=192925"}],"curies":[{"name":"wp","href":"https:\/\/api.w.org\/{rel}","templated":true}]}}