{"id":192919,"date":"2026-02-11T14:09:12","date_gmt":"2026-02-11T20:09:12","guid":{"rendered":"https:\/\/canal7slp.tv\/2026\/?p=192919"},"modified":"2026-02-11T14:09:12","modified_gmt":"2026-02-11T20:09:12","slug":"comisiones-avalan-por-unanimidad-reforma-laboral","status":"publish","type":"post","link":"https:\/\/canal7slp.tv\/2026\/comisiones-avalan-por-unanimidad-reforma-laboral\/","title":{"rendered":"Comisiones avalan por unanimidad reforma laboral"},"content":{"rendered":"<p style=\"text-align: justify;\">M\u00e9xico.- Las comisiones del Senado aprobaron por unanimidad la reforma que reducir\u00e1 la jornada laboral de 48 a 40 horas semanales de manera gradual hasta 2030. El dictamen ser\u00e1 votado este mismo d\u00eda en el pleno.<\/p>\n<p style=\"text-align: justify;\">De acuerdo con el proyecto, la reducci\u00f3n comenzar\u00e1 en 2027, cuando la jornada pasar\u00e1 a 46 horas; en 2028 bajar\u00e1 a 44; en 2029 ser\u00e1 de 42; y finalmente, en 2030 quedar\u00e1 establecida en 40 horas semanales. La medida es considerada un avance significativo en materia de derechos laborales, aunque especialistas y representantes empresariales han advertido posibles efectos en la productividad y en los costos operativos.<\/p>\n<p style=\"text-align: justify;\">La reforma tambi\u00e9n modifica el esquema de horas extras, que aumentar\u00e1n de nueve a 12 horas semanales permitidas. Se mantendr\u00e1 el pago triple para aquellas que excedan este l\u00edmite. Adem\u00e1s, se implementar\u00e1 un registro electr\u00f3nico con el fin de garantizar el cumplimiento de la nueva normativa.<\/p>\n<p style=\"text-align: justify;\">Aunque se conserva el actual esquema de un d\u00eda de descanso por cada seis trabajados, este punto gener\u00f3 debate entre legisladores, ya que algunos sectores propon\u00edan establecer dos d\u00edas de descanso por cada cinco laborados.<\/p>\n<p style=\"text-align: justify;\">La iniciativa tuvo su origen durante el sexenio del expresidente Andr\u00e9s Manuel L\u00f3pez Obrador y fue impulsada tras un proceso de di\u00e1logo con el sector empresarial y organizaciones civiles. Se estima que beneficiar\u00e1 a m\u00e1s de 13 millones de trabajadores en el pa\u00eds, incluidos cerca de 950 mil en Jalisco.<\/p>\n<p style=\"text-align: justify;\">Desde la oposici\u00f3n se han expresado reservas sobre el impacto fiscal del pago de horas extras, que estar\u00e1n sujetas a impuestos, y sobre la falta de apoyos espec\u00edficos para micro y peque\u00f1as empresas que podr\u00edan enfrentar mayores dificultades para ajustarse a la nueva jornada. Tambi\u00e9n se\u00f1alaron que, aunque la reforma representa un avance, M\u00e9xico a\u00fan se encuentra por debajo de est\u00e1ndares laborales internacionales en materia de descanso.<\/p>\n<p style=\"text-align: justify;\">Expertos coinciden en que la reducci\u00f3n de la jornada podr\u00eda mejorar el bienestar f\u00edsico y emocional de los trabajadores; sin embargo, advierten que sectores como manufactura y servicios deber\u00e1n evaluar si optan por pagar m\u00e1s horas extras o contratar personal adicional. Las peque\u00f1as empresas, en particular, podr\u00edan requerir ajustes operativos para mantener su eficiencia.<\/p>\n<p style=\"text-align: justify;\">La presidenta del Senado, Laura Itzel Castillo, inform\u00f3 que el dictamen fue incorporado al orden del d\u00eda, mientras que el secretario del Trabajo, Marath Bola\u00f1os, sostuvo que la reforma responde a una demanda hist\u00f3rica de la clase trabajadora y busca fortalecer las condiciones laborales en el pa\u00eds. Se prev\u00e9 que la discusi\u00f3n y eventual aprobaci\u00f3n final se lleven a cabo en la sesi\u00f3n ordinaria de este d\u00eda.<\/p>\n","protected":false},"excerpt":{"rendered":"<p>M\u00e9xico.- Las comisiones del Senado aprobaron por unanimidad la reforma que reducir\u00e1 la jornada laboral de 48 a 40 horas semanales de manera gradual hasta 2030. El dictamen ser\u00e1 votado este mismo d\u00eda en el pleno. De acuerdo con el proyecto, la reducci\u00f3n comenzar\u00e1 en 2027, cuando la jornada pasar\u00e1 a 46 horas; en 2028 bajar\u00e1 a 44; en 2029 ser\u00e1 de 42; y finalmente, en 2030 quedar\u00e1 establecida en 40 horas semanales. La medida es considerada un avance significativo en materia de derechos laborales, aunque especialistas y representantes empresariales han advertido posibles efectos en la productividad y en los [&hellip;]<\/p>\n","protected":false},"author":2,"featured_media":192920,"comment_status":"closed","ping_status":"closed","sticky":false,"template":"","format":"standard","meta":{"_monsterinsights_skip_tracking":false,"_monsterinsights_sitenote_active":false,"_monsterinsights_sitenote_note":"","_monsterinsights_sitenote_category":0,"footnotes":""},"categories":[46],"tags":[],"class_list":["post-192919","post","type-post","status-publish","format-standard","has-post-thumbnail","hentry","category-nacional","post--single"],"_links":{"self":[{"href":"https:\/\/canal7slp.tv\/2026\/wp-json\/wp\/v2\/posts\/192919","targetHints":{"allow":["GET"]}}],"collection":[{"href":"https:\/\/canal7slp.tv\/2026\/wp-json\/wp\/v2\/posts"}],"about":[{"href":"https:\/\/canal7slp.tv\/2026\/wp-json\/wp\/v2\/types\/post"}],"author":[{"embeddable":true,"href":"https:\/\/canal7slp.tv\/2026\/wp-json\/wp\/v2\/users\/2"}],"replies":[{"embeddable":true,"href":"https:\/\/canal7slp.tv\/2026\/wp-json\/wp\/v2\/comments?post=192919"}],"version-history":[{"count":1,"href":"https:\/\/canal7slp.tv\/2026\/wp-json\/wp\/v2\/posts\/192919\/revisions"}],"predecessor-version":[{"id":192921,"href":"https:\/\/canal7slp.tv\/2026\/wp-json\/wp\/v2\/posts\/192919\/revisions\/192921"}],"wp:featuredmedia":[{"embeddable":true,"href":"https:\/\/canal7slp.tv\/2026\/wp-json\/wp\/v2\/media\/192920"}],"wp:attachment":[{"href":"https:\/\/canal7slp.tv\/2026\/wp-json\/wp\/v2\/media?parent=192919"}],"wp:term":[{"taxonomy":"category","embeddable":true,"href":"https:\/\/canal7slp.tv\/2026\/wp-json\/wp\/v2\/categories?post=192919"},{"taxonomy":"post_tag","embeddable":true,"href":"https:\/\/canal7slp.tv\/2026\/wp-json\/wp\/v2\/tags?post=192919"}],"curies":[{"name":"wp","href":"https:\/\/api.w.org\/{rel}","templated":true}]}}