{"id":192916,"date":"2026-02-11T13:51:51","date_gmt":"2026-02-11T19:51:51","guid":{"rendered":"https:\/\/canal7slp.tv\/2026\/?p=192916"},"modified":"2026-02-11T13:51:51","modified_gmt":"2026-02-11T19:51:51","slug":"reanudan-vuelos-en-el-paso-tras-cierre-por-presunta-incursion-de-drones","status":"publish","type":"post","link":"https:\/\/canal7slp.tv\/2026\/reanudan-vuelos-en-el-paso-tras-cierre-por-presunta-incursion-de-drones\/","title":{"rendered":"Reanudan vuelos en El Paso tras cierre por presunta incursi\u00f3n de drones"},"content":{"rendered":"<p style=\"text-align: justify;\">\n<p style=\"text-align: justify;\">El Paso.- El espacio a\u00e9reo sobre El Paso, Texas, fue cerrado temporalmente tras la incursi\u00f3n de drones que, seg\u00fan el secretario de Transporte de Estados Unidos, Sean Duffy, habr\u00edan sido operados por un c\u00e1rtel mexicano. La medida se adopt\u00f3 por razones de seguridad y fue levantada pocas horas despu\u00e9s, una vez que la supuesta amenaza fue neutralizada.<\/p>\n<p style=\"text-align: justify;\">La Administraci\u00f3n Federal de Aviaci\u00f3n (FAA) suspendi\u00f3 todos los vuelos hacia y desde el Aeropuerto Internacional de El Paso. En un principio, las restricciones se estimaban vigentes hasta el 20 de febrero; sin embargo, la autoridad reabri\u00f3 el espacio a\u00e9reo ese mismo d\u00eda al determinar que no exist\u00eda riesgo para la aviaci\u00f3n comercial. Duffy se\u00f1al\u00f3 que tanto la FAA como el Departamento de Defensa actuaron con rapidez para atender la situaci\u00f3n.<\/p>\n<p style=\"text-align: justify;\">Aunque la FAA no ofreci\u00f3 detalles espec\u00edficos sobre la naturaleza de la amenaza, trascendi\u00f3 que el cierre podr\u00eda estar vinculado a pruebas de un nuevo sistema antidrones en la base militar de Fort Bliss, ubicada a escasa distancia del aeropuerto.<\/p>\n<p style=\"text-align: justify;\">La decisi\u00f3n gener\u00f3 confusi\u00f3n entre aerol\u00edneas y pasajeros debido a la suspensi\u00f3n repentina de operaciones. Adem\u00e1s, la congresista Ver\u00f3nica Escobar, representante de El Paso, manifest\u00f3 su desacuerdo con la medida, al asegurar que no hab\u00eda evidencia de una amenaza inminente y cuestion\u00f3 la falta de coordinaci\u00f3n y comunicaci\u00f3n con las autoridades locales.<\/p>\n<p style=\"text-align: justify;\">El aeropuerto, considerado un punto estrat\u00e9gico de conexi\u00f3n entre Estados Unidos y M\u00e9xico, retom\u00f3 sus operaciones comerciales y de carga tras el levantamiento de las restricciones, restableciendo gradualmente la normalidad en la regi\u00f3n.<\/p>\n<p style=\"text-align: justify;\">\n","protected":false},"excerpt":{"rendered":"<p>El Paso.- El espacio a\u00e9reo sobre El Paso, Texas, fue cerrado temporalmente tras la incursi\u00f3n de drones que, seg\u00fan el secretario de Transporte de Estados Unidos, Sean Duffy, habr\u00edan sido operados por un c\u00e1rtel mexicano. La medida se adopt\u00f3 por razones de seguridad y fue levantada pocas horas despu\u00e9s, una vez que la supuesta amenaza fue neutralizada. La Administraci\u00f3n Federal de Aviaci\u00f3n (FAA) suspendi\u00f3 todos los vuelos hacia y desde el Aeropuerto Internacional de El Paso. En un principio, las restricciones se estimaban vigentes hasta el 20 de febrero; sin embargo, la autoridad reabri\u00f3 el espacio a\u00e9reo ese mismo d\u00eda [&hellip;]<\/p>\n","protected":false},"author":2,"featured_media":192917,"comment_status":"closed","ping_status":"closed","sticky":false,"template":"","format":"standard","meta":{"_monsterinsights_skip_tracking":false,"_monsterinsights_sitenote_active":false,"_monsterinsights_sitenote_note":"","_monsterinsights_sitenote_category":0,"footnotes":""},"categories":[44],"tags":[],"class_list":["post-192916","post","type-post","status-publish","format-standard","has-post-thumbnail","hentry","category-internacional","post--single"],"_links":{"self":[{"href":"https:\/\/canal7slp.tv\/2026\/wp-json\/wp\/v2\/posts\/192916","targetHints":{"allow":["GET"]}}],"collection":[{"href":"https:\/\/canal7slp.tv\/2026\/wp-json\/wp\/v2\/posts"}],"about":[{"href":"https:\/\/canal7slp.tv\/2026\/wp-json\/wp\/v2\/types\/post"}],"author":[{"embeddable":true,"href":"https:\/\/canal7slp.tv\/2026\/wp-json\/wp\/v2\/users\/2"}],"replies":[{"embeddable":true,"href":"https:\/\/canal7slp.tv\/2026\/wp-json\/wp\/v2\/comments?post=192916"}],"version-history":[{"count":1,"href":"https:\/\/canal7slp.tv\/2026\/wp-json\/wp\/v2\/posts\/192916\/revisions"}],"predecessor-version":[{"id":192918,"href":"https:\/\/canal7slp.tv\/2026\/wp-json\/wp\/v2\/posts\/192916\/revisions\/192918"}],"wp:featuredmedia":[{"embeddable":true,"href":"https:\/\/canal7slp.tv\/2026\/wp-json\/wp\/v2\/media\/192917"}],"wp:attachment":[{"href":"https:\/\/canal7slp.tv\/2026\/wp-json\/wp\/v2\/media?parent=192916"}],"wp:term":[{"taxonomy":"category","embeddable":true,"href":"https:\/\/canal7slp.tv\/2026\/wp-json\/wp\/v2\/categories?post=192916"},{"taxonomy":"post_tag","embeddable":true,"href":"https:\/\/canal7slp.tv\/2026\/wp-json\/wp\/v2\/tags?post=192916"}],"curies":[{"name":"wp","href":"https:\/\/api.w.org\/{rel}","templated":true}]}}