{"id":192867,"date":"2026-02-11T10:15:50","date_gmt":"2026-02-11T16:15:50","guid":{"rendered":"https:\/\/canal7slp.tv\/2026\/?p=192867"},"modified":"2026-02-10T18:09:43","modified_gmt":"2026-02-11T00:09:43","slug":"deja-navarro-fuera-de-reunion-de-gabinete-a-funcionariado-que-llego-tarde","status":"publish","type":"post","link":"https:\/\/canal7slp.tv\/2026\/deja-navarro-fuera-de-reunion-de-gabinete-a-funcionariado-que-llego-tarde\/","title":{"rendered":"Deja Navarro fuera de reuni\u00f3n de Gabinete a funcionariado que lleg\u00f3 tarde"},"content":{"rendered":"<p style=\"text-align: justify;\">SGS.- El gabinete municipal de Soledad de Graciano S\u00e1nchez sostuvo una reuni\u00f3n en fechas recientes, citada por el presidente Juan Manuel Navarro Mu\u00f1iz, en la misma se reproch\u00f3 a directores por su falta de proyectos.<\/p>\n<p style=\"text-align: justify;\">\u201cEra una reuni\u00f3n de gabinete, o sea, s\u00ed estaba dirigida a todo el personal, para dar a conocer los procesos, las \u00e1reas donde andamos mal, las \u00e1reas donde queremos apretar, como Ecolog\u00eda que tenemos que seguir empujando el tema de la reforestaci\u00f3n (\u2026) el tema de Protecci\u00f3n Civil, el tema de Seguridad P\u00fablica, de Comercio\u201d.<\/p>\n<p style=\"text-align: justify;\">Cabe se\u00f1alar que varios funcionarios quedaron fuera de la reuni\u00f3n pues llegaron tarde a la cita, se descontar\u00e1 el d\u00eda de trabajo a los impuntuales.<\/p>\n<p style=\"text-align: justify;\">\u201cEs un tema de responsabilidad laboral, es un tema de respeto a la ciudadan\u00eda, es un tema de que si los estas convocando t\u00fa a una reuni\u00f3n laboral a un horario de trabajo con el gabinete legal y con todos los compa\u00f1eros y que no lleguen pues es una falta de respeto hacia todos\u201d.<\/p>\n<p style=\"text-align: justify;\">Un proyecto en el que se enfocaron durante la reuni\u00f3n fue la nueva Unidad Administrativa Municipal, la cual asever\u00f3 ser\u00e1 inaugurada este mes de febrero.<\/p>\n<p style=\"text-align: justify;\">\u201cAyer mismo saliendo de la reuni\u00f3n hablamos ya con el constructor y le dijimos que nos urge que nos entregues la unidad porque necesitamos tener todas las direcciones en una sola \u00e1rea (\u2026) ya este mes tiene que estar\u201d.<\/p>\n<p style=\"text-align: justify;\">Asegur\u00f3 que por el momento, no se realizar\u00e1n cambios de funcionarios y que se trabajar\u00e1 con la misma plantilla con la que actualmente se cuenta, sin embargo, afirm\u00f3 que se vigilar\u00e1 direcci\u00f3n por direcci\u00f3n, el desempe\u00f1o de los funcionarios.<\/p>\n<p>Por: Juan Carlos Contreras<\/p>\n","protected":false},"excerpt":{"rendered":"<p>SGS.- El gabinete municipal de Soledad de Graciano S\u00e1nchez sostuvo una reuni\u00f3n en fechas recientes, citada por el presidente Juan Manuel Navarro Mu\u00f1iz, en la misma se reproch\u00f3 a directores por su falta de proyectos. \u201cEra una reuni\u00f3n de gabinete, o sea, s\u00ed estaba dirigida a todo el personal, para dar a conocer los procesos, las \u00e1reas donde andamos mal, las \u00e1reas donde queremos apretar, como Ecolog\u00eda que tenemos que seguir empujando el tema de la reforestaci\u00f3n (\u2026) el tema de Protecci\u00f3n Civil, el tema de Seguridad P\u00fablica, de Comercio\u201d. Cabe se\u00f1alar que varios funcionarios quedaron fuera de la reuni\u00f3n [&hellip;]<\/p>\n","protected":false},"author":2,"featured_media":192889,"comment_status":"closed","ping_status":"closed","sticky":false,"template":"","format":"video","meta":{"_monsterinsights_skip_tracking":false,"_monsterinsights_sitenote_active":false,"_monsterinsights_sitenote_note":"","_monsterinsights_sitenote_category":0,"footnotes":""},"categories":[5,45],"tags":[],"class_list":["post-192867","post","type-post","status-publish","format-video","has-post-thumbnail","hentry","category-destacadas","category-localesyregionales","post_format-post-format-video","post--single"],"_links":{"self":[{"href":"https:\/\/canal7slp.tv\/2026\/wp-json\/wp\/v2\/posts\/192867","targetHints":{"allow":["GET"]}}],"collection":[{"href":"https:\/\/canal7slp.tv\/2026\/wp-json\/wp\/v2\/posts"}],"about":[{"href":"https:\/\/canal7slp.tv\/2026\/wp-json\/wp\/v2\/types\/post"}],"author":[{"embeddable":true,"href":"https:\/\/canal7slp.tv\/2026\/wp-json\/wp\/v2\/users\/2"}],"replies":[{"embeddable":true,"href":"https:\/\/canal7slp.tv\/2026\/wp-json\/wp\/v2\/comments?post=192867"}],"version-history":[{"count":2,"href":"https:\/\/canal7slp.tv\/2026\/wp-json\/wp\/v2\/posts\/192867\/revisions"}],"predecessor-version":[{"id":192890,"href":"https:\/\/canal7slp.tv\/2026\/wp-json\/wp\/v2\/posts\/192867\/revisions\/192890"}],"wp:featuredmedia":[{"embeddable":true,"href":"https:\/\/canal7slp.tv\/2026\/wp-json\/wp\/v2\/media\/192889"}],"wp:attachment":[{"href":"https:\/\/canal7slp.tv\/2026\/wp-json\/wp\/v2\/media?parent=192867"}],"wp:term":[{"taxonomy":"category","embeddable":true,"href":"https:\/\/canal7slp.tv\/2026\/wp-json\/wp\/v2\/categories?post=192867"},{"taxonomy":"post_tag","embeddable":true,"href":"https:\/\/canal7slp.tv\/2026\/wp-json\/wp\/v2\/tags?post=192867"}],"curies":[{"name":"wp","href":"https:\/\/api.w.org\/{rel}","templated":true}]}}