{"id":192855,"date":"2026-02-10T15:15:29","date_gmt":"2026-02-10T21:15:29","guid":{"rendered":"https:\/\/canal7slp.tv\/2026\/?p=192855"},"modified":"2026-02-10T15:15:29","modified_gmt":"2026-02-10T21:15:29","slug":"audiencia-de-ovidio-guzman-se-recorrera-17-dias","status":"publish","type":"post","link":"https:\/\/canal7slp.tv\/2026\/audiencia-de-ovidio-guzman-se-recorrera-17-dias\/","title":{"rendered":"Audiencia de Ovidio Guzm\u00e1n se recorrer\u00e1 17 d\u00edas"},"content":{"rendered":"<p style=\"text-align: justify;\">Chicago.- La audiencia de Ovidio Guzm\u00e1n, alias \u201cEl Rat\u00f3n\u201d, ante una corte federal en Chicago fue reprogramada para el pr\u00f3ximo 27 de julio, luego de que originalmente estuviera prevista para el 10 de julio, lo que representa un aplazamiento de 17 d\u00edas.<\/p>\n<p style=\"text-align: justify;\">Durante esta diligencia, el tribunal evaluar\u00e1 si la fiscal\u00eda mantiene su solicitud de reducci\u00f3n de condena, derivada del acuerdo de culpabilidad y cooperaci\u00f3n que Guzm\u00e1n alcanz\u00f3 con autoridades estadounidenses. Se trata de una audiencia intermedia en la que tambi\u00e9n se prev\u00e9 fijar la fecha para la sentencia definitiva.<\/p>\n<p style=\"text-align: justify;\">Guzm\u00e1n se declar\u00f3 culpable en julio de 2025 de cuatro cargos federales relacionados con tr\u00e1fico de drogas y crimen organizado. Como parte del acuerdo, se comprometi\u00f3 a proporcionar informaci\u00f3n veraz y a testificar en distintos procesos judiciales, a solicitud de diversas fiscal\u00edas en Estados Unidos.<\/p>\n<p style=\"text-align: justify;\">Adem\u00e1s, acept\u00f3 el pago de 80 millones de d\u00f3lares, monto que, de acuerdo con las autoridades, habr\u00eda obtenido mediante actividades il\u00edcitas. Aunque los cargos en su contra podr\u00edan derivar en una condena de cadena perpetua, su cooperaci\u00f3n con el gobierno estadounidense abre la posibilidad de una reducci\u00f3n significativa de la pena.<\/p>\n","protected":false},"excerpt":{"rendered":"<p>Chicago.- La audiencia de Ovidio Guzm\u00e1n, alias \u201cEl Rat\u00f3n\u201d, ante una corte federal en Chicago fue reprogramada para el pr\u00f3ximo 27 de julio, luego de que originalmente estuviera prevista para el 10 de julio, lo que representa un aplazamiento de 17 d\u00edas. Durante esta diligencia, el tribunal evaluar\u00e1 si la fiscal\u00eda mantiene su solicitud de reducci\u00f3n de condena, derivada del acuerdo de culpabilidad y cooperaci\u00f3n que Guzm\u00e1n alcanz\u00f3 con autoridades estadounidenses. Se trata de una audiencia intermedia en la que tambi\u00e9n se prev\u00e9 fijar la fecha para la sentencia definitiva. Guzm\u00e1n se declar\u00f3 culpable en julio de 2025 de cuatro [&hellip;]<\/p>\n","protected":false},"author":2,"featured_media":192857,"comment_status":"closed","ping_status":"closed","sticky":false,"template":"","format":"standard","meta":{"_monsterinsights_skip_tracking":false,"_monsterinsights_sitenote_active":false,"_monsterinsights_sitenote_note":"","_monsterinsights_sitenote_category":0,"footnotes":""},"categories":[44],"tags":[],"class_list":["post-192855","post","type-post","status-publish","format-standard","has-post-thumbnail","hentry","category-internacional","post--single"],"_links":{"self":[{"href":"https:\/\/canal7slp.tv\/2026\/wp-json\/wp\/v2\/posts\/192855","targetHints":{"allow":["GET"]}}],"collection":[{"href":"https:\/\/canal7slp.tv\/2026\/wp-json\/wp\/v2\/posts"}],"about":[{"href":"https:\/\/canal7slp.tv\/2026\/wp-json\/wp\/v2\/types\/post"}],"author":[{"embeddable":true,"href":"https:\/\/canal7slp.tv\/2026\/wp-json\/wp\/v2\/users\/2"}],"replies":[{"embeddable":true,"href":"https:\/\/canal7slp.tv\/2026\/wp-json\/wp\/v2\/comments?post=192855"}],"version-history":[{"count":1,"href":"https:\/\/canal7slp.tv\/2026\/wp-json\/wp\/v2\/posts\/192855\/revisions"}],"predecessor-version":[{"id":192858,"href":"https:\/\/canal7slp.tv\/2026\/wp-json\/wp\/v2\/posts\/192855\/revisions\/192858"}],"wp:featuredmedia":[{"embeddable":true,"href":"https:\/\/canal7slp.tv\/2026\/wp-json\/wp\/v2\/media\/192857"}],"wp:attachment":[{"href":"https:\/\/canal7slp.tv\/2026\/wp-json\/wp\/v2\/media?parent=192855"}],"wp:term":[{"taxonomy":"category","embeddable":true,"href":"https:\/\/canal7slp.tv\/2026\/wp-json\/wp\/v2\/categories?post=192855"},{"taxonomy":"post_tag","embeddable":true,"href":"https:\/\/canal7slp.tv\/2026\/wp-json\/wp\/v2\/tags?post=192855"}],"curies":[{"name":"wp","href":"https:\/\/api.w.org\/{rel}","templated":true}]}}