{"id":192821,"date":"2026-02-10T13:55:15","date_gmt":"2026-02-10T19:55:15","guid":{"rendered":"https:\/\/canal7slp.tv\/2026\/?p=192821"},"modified":"2026-02-10T13:55:15","modified_gmt":"2026-02-10T19:55:15","slug":"familiares-exigen-localizar-a-cuatro-hombres-desaparecidos-en-mazatlan","status":"publish","type":"post","link":"https:\/\/canal7slp.tv\/2026\/familiares-exigen-localizar-a-cuatro-hombres-desaparecidos-en-mazatlan\/","title":{"rendered":"Familiares exigen localizar a cuatro hombres desaparecidos en Mazatl\u00e1n"},"content":{"rendered":"<p style=\"text-align: justify;\">Mazatl\u00e1n.- Familiares de cuatro hombres originarios del Estado de M\u00e9xico, reportados como desaparecidos desde el pasado 3 de febrero en Mazatl\u00e1n, Sinaloa, realizaron una manifestaci\u00f3n en el Centro Hist\u00f3rico de la Ciudad de M\u00e9xico para exigir a las autoridades federales su pronta localizaci\u00f3n con vida y avances concretos en las investigaciones.<\/p>\n<p style=\"text-align: justify;\">De acuerdo con la informaci\u00f3n disponible, los cuatro hombres viajaron a Mazatl\u00e1n para celebrar un cumplea\u00f1os, acompa\u00f1ados de una mujer y una menor de edad. Durante su estancia, rentaron un veh\u00edculo todo terreno tipo Razer. Tras la desaparici\u00f3n del grupo, la mujer y la menor fueron liberadas, mientras que hasta el momento se desconoce el paradero de los hombres.<\/p>\n<p style=\"text-align: justify;\">Ante la falta de informaci\u00f3n oficial, los familiares iniciaron una b\u00fasqueda activa y solicitaron la intervenci\u00f3n de diversas instancias gubernamentales. Durante la protesta frente a Palacio Nacional, portaron pancartas y lanzaron consignas para exigir atenci\u00f3n a su caso. Posteriormente, se trasladaron al cruce de Eje Central y avenida Ju\u00e1rez, donde realizaron un bloqueo vial que se prolong\u00f3 por aproximadamente una hora.<\/p>\n<p style=\"text-align: justify;\">Ver\u00f3nica Sabino, madre de dos de los desaparecidos y suegra de otro, expres\u00f3 el dolor y la incertidumbre que la familia ha vivido durante casi una semana. Se\u00f1al\u00f3 que los hombres son trabajadores dedicados: \u00d3scar es profesor de educaci\u00f3n f\u00edsica; su hijo Javi y su yerno Omar se desempe\u00f1an como choferes, mientras que su hijo Goyito, de 18 a\u00f1os, trabaja en una farmacia. Los familiares advirtieron que continuar\u00e1n con las movilizaciones hasta obtener respuestas y avances claros en la b\u00fasqueda.<\/p>\n","protected":false},"excerpt":{"rendered":"<p>Mazatl\u00e1n.- Familiares de cuatro hombres originarios del Estado de M\u00e9xico, reportados como desaparecidos desde el pasado 3 de febrero en Mazatl\u00e1n, Sinaloa, realizaron una manifestaci\u00f3n en el Centro Hist\u00f3rico de la Ciudad de M\u00e9xico para exigir a las autoridades federales su pronta localizaci\u00f3n con vida y avances concretos en las investigaciones. De acuerdo con la informaci\u00f3n disponible, los cuatro hombres viajaron a Mazatl\u00e1n para celebrar un cumplea\u00f1os, acompa\u00f1ados de una mujer y una menor de edad. Durante su estancia, rentaron un veh\u00edculo todo terreno tipo Razer. Tras la desaparici\u00f3n del grupo, la mujer y la menor fueron liberadas, mientras que [&hellip;]<\/p>\n","protected":false},"author":2,"featured_media":192822,"comment_status":"closed","ping_status":"closed","sticky":false,"template":"","format":"standard","meta":{"_monsterinsights_skip_tracking":false,"_monsterinsights_sitenote_active":false,"_monsterinsights_sitenote_note":"","_monsterinsights_sitenote_category":0,"footnotes":""},"categories":[46],"tags":[],"class_list":["post-192821","post","type-post","status-publish","format-standard","has-post-thumbnail","hentry","category-nacional","post--single"],"_links":{"self":[{"href":"https:\/\/canal7slp.tv\/2026\/wp-json\/wp\/v2\/posts\/192821","targetHints":{"allow":["GET"]}}],"collection":[{"href":"https:\/\/canal7slp.tv\/2026\/wp-json\/wp\/v2\/posts"}],"about":[{"href":"https:\/\/canal7slp.tv\/2026\/wp-json\/wp\/v2\/types\/post"}],"author":[{"embeddable":true,"href":"https:\/\/canal7slp.tv\/2026\/wp-json\/wp\/v2\/users\/2"}],"replies":[{"embeddable":true,"href":"https:\/\/canal7slp.tv\/2026\/wp-json\/wp\/v2\/comments?post=192821"}],"version-history":[{"count":1,"href":"https:\/\/canal7slp.tv\/2026\/wp-json\/wp\/v2\/posts\/192821\/revisions"}],"predecessor-version":[{"id":192823,"href":"https:\/\/canal7slp.tv\/2026\/wp-json\/wp\/v2\/posts\/192821\/revisions\/192823"}],"wp:featuredmedia":[{"embeddable":true,"href":"https:\/\/canal7slp.tv\/2026\/wp-json\/wp\/v2\/media\/192822"}],"wp:attachment":[{"href":"https:\/\/canal7slp.tv\/2026\/wp-json\/wp\/v2\/media?parent=192821"}],"wp:term":[{"taxonomy":"category","embeddable":true,"href":"https:\/\/canal7slp.tv\/2026\/wp-json\/wp\/v2\/categories?post=192821"},{"taxonomy":"post_tag","embeddable":true,"href":"https:\/\/canal7slp.tv\/2026\/wp-json\/wp\/v2\/tags?post=192821"}],"curies":[{"name":"wp","href":"https:\/\/api.w.org\/{rel}","templated":true}]}}