{"id":192808,"date":"2026-02-10T12:49:57","date_gmt":"2026-02-10T18:49:57","guid":{"rendered":"https:\/\/canal7slp.tv\/2026\/?p=192808"},"modified":"2026-02-10T12:49:57","modified_gmt":"2026-02-10T18:49:57","slug":"coste-de-vida-36-mas-caro-que-el-periodo-previo-a-pandemia","status":"publish","type":"post","link":"https:\/\/canal7slp.tv\/2026\/coste-de-vida-36-mas-caro-que-el-periodo-previo-a-pandemia\/","title":{"rendered":"Coste de vida, 36% m\u00e1s caro que el per\u00edodo previo a pandemia"},"content":{"rendered":"<p style=\"text-align: justify;\">SLP.- La tasa de inflaci\u00f3n interanual de la Organizaci\u00f3n para la Cooperaci\u00f3n y el Desarrollo Econ\u00f3micos (OCDE) se situ\u00f3 al corte de diciembre en 3.7 por ciento -es decir, una d\u00e9cima menos que en noviembre-.<\/p>\n<p style=\"text-align: justify;\">Aunque, el dato mostr\u00f3 que los precios estuvieron casi 36 por ciento encima de los del mismo mes de 2019 -previo al estallido de la pandemia-.<\/p>\n<p style=\"text-align: justify;\">Desde la OCDE se ha indicado que el alza en el coste de alimentos permaneci\u00f3 en 3.9 por ciento y que la factura energ\u00e9tica encareci\u00f3 1.6 por ciento -un punto y siete d\u00e9cimas menos que un mes atr\u00e1s-.<\/p>\n<p style=\"text-align: justify;\">Al excluir del c\u00e1lculo, el impacto del precio de v\u00edveres y energ\u00eda, la inflaci\u00f3n subyacente retrocedi\u00f3 a 3.8.<\/p>\n<p style=\"text-align: justify;\">Entre los pa\u00edses para los que hay estad\u00edsticas disponibles, la lectura de inflaci\u00f3n aument\u00f3 en nueve de los miembros de las econom\u00edas avanzadas, disminuy\u00f3 en 13 y se mantuvo estable o pr\u00e1cticamente estable en 16.<\/p>\n<p style=\"text-align: justify;\">Entre las grandes econom\u00edas del G20 que no pertenecen a la OCDE, la inflaci\u00f3n disminuy\u00f3 en Brasil por tercer mes consecutivo.<\/p>\n<p style=\"text-align: justify;\">En tanto, aument\u00f3 en India, Indonesia y Arabia Saud\u00ed.<\/p>\n<p style=\"text-align: justify;\">A la par, los precios siguieron mayormente estables en Argentina, China y Sud\u00e1frica.<\/p>\n<p>Por: Paulina Rodr\u00edguez<\/p>\n","protected":false},"excerpt":{"rendered":"<p>SLP.- La tasa de inflaci\u00f3n interanual de la Organizaci\u00f3n para la Cooperaci\u00f3n y el Desarrollo Econ\u00f3micos (OCDE) se situ\u00f3 al corte de diciembre en 3.7 por ciento -es decir, una d\u00e9cima menos que en noviembre-. Aunque, el dato mostr\u00f3 que los precios estuvieron casi 36 por ciento encima de los del mismo mes de 2019 -previo al estallido de la pandemia-. Desde la OCDE se ha indicado que el alza en el coste de alimentos permaneci\u00f3 en 3.9 por ciento y que la factura energ\u00e9tica encareci\u00f3 1.6 por ciento -un punto y siete d\u00e9cimas menos que un mes atr\u00e1s-. Al [&hellip;]<\/p>\n","protected":false},"author":2,"featured_media":192810,"comment_status":"closed","ping_status":"closed","sticky":false,"template":"","format":"standard","meta":{"_monsterinsights_skip_tracking":false,"_monsterinsights_sitenote_active":false,"_monsterinsights_sitenote_note":"","_monsterinsights_sitenote_category":0,"footnotes":""},"categories":[5,40,45],"tags":[],"class_list":["post-192808","post","type-post","status-publish","format-standard","has-post-thumbnail","hentry","category-destacadas","category-economia","category-localesyregionales","post--single"],"_links":{"self":[{"href":"https:\/\/canal7slp.tv\/2026\/wp-json\/wp\/v2\/posts\/192808","targetHints":{"allow":["GET"]}}],"collection":[{"href":"https:\/\/canal7slp.tv\/2026\/wp-json\/wp\/v2\/posts"}],"about":[{"href":"https:\/\/canal7slp.tv\/2026\/wp-json\/wp\/v2\/types\/post"}],"author":[{"embeddable":true,"href":"https:\/\/canal7slp.tv\/2026\/wp-json\/wp\/v2\/users\/2"}],"replies":[{"embeddable":true,"href":"https:\/\/canal7slp.tv\/2026\/wp-json\/wp\/v2\/comments?post=192808"}],"version-history":[{"count":2,"href":"https:\/\/canal7slp.tv\/2026\/wp-json\/wp\/v2\/posts\/192808\/revisions"}],"predecessor-version":[{"id":192811,"href":"https:\/\/canal7slp.tv\/2026\/wp-json\/wp\/v2\/posts\/192808\/revisions\/192811"}],"wp:featuredmedia":[{"embeddable":true,"href":"https:\/\/canal7slp.tv\/2026\/wp-json\/wp\/v2\/media\/192810"}],"wp:attachment":[{"href":"https:\/\/canal7slp.tv\/2026\/wp-json\/wp\/v2\/media?parent=192808"}],"wp:term":[{"taxonomy":"category","embeddable":true,"href":"https:\/\/canal7slp.tv\/2026\/wp-json\/wp\/v2\/categories?post=192808"},{"taxonomy":"post_tag","embeddable":true,"href":"https:\/\/canal7slp.tv\/2026\/wp-json\/wp\/v2\/tags?post=192808"}],"curies":[{"name":"wp","href":"https:\/\/api.w.org\/{rel}","templated":true}]}}