{"id":192780,"date":"2026-02-09T19:42:15","date_gmt":"2026-02-10T01:42:15","guid":{"rendered":"https:\/\/canal7slp.tv\/2026\/?p=192780"},"modified":"2026-02-09T19:42:15","modified_gmt":"2026-02-10T01:42:15","slug":"en-soledad-de-graciano-sanchez-entra-en-funciones-el-operativo-convoy","status":"publish","type":"post","link":"https:\/\/canal7slp.tv\/2026\/en-soledad-de-graciano-sanchez-entra-en-funciones-el-operativo-convoy\/","title":{"rendered":"En Soledad de Graciano S\u00e1nchez entra en funciones el operativo \u201cConvoy\u201d"},"content":{"rendered":"<p style=\"text-align: justify;\">SGS.- Desde el pasado fin de semana en Soledad de Graciano S\u00e1nchez dio inicio el operativo \u201cConvoy\u201d para reforzar la seguridad en este municipio, inform\u00f3 el director de la Guardia Civil Municipal el comisario V\u00edctor Serna Pi\u00f1a.<\/p>\n<p style=\"text-align: justify;\">El jefe polic\u00edaco se\u00f1al\u00f3 que ser\u00e1 en coordinaci\u00f3n con la Guardia Civil Estatal y al que se suma tambi\u00e9n el municipio de Villa de Pozos, al afirmar que es es un operativo disuasivo-preventivo y de ninguna manera represivo.<\/p>\n<p style=\"text-align: justify;\">Inform\u00f3 que se integraron dos c\u00e9lulas operativas que realizan recorridos preventivos y de seguridad con el fin de inhibir conductas delictivas, y faltas administrativas como alterar el orden p\u00fablico \u00f3 ingerir bebidas alcoh\u00f3licas en la v\u00eda p\u00fablica.<\/p>\n<p style=\"text-align: justify;\">En este contexto, inform\u00f3 que como parte de este operativo el fin de semana pasado se remitieron a 3 detenidos a la Fiscal\u00eda General del Estado por presuntos actos constitutivos de delito, y se detuvo tambi\u00e9n a 31 personas por faltas administrativas y que dijo, son remitidas ante un juez c\u00edvico.<\/p>\n<p>Por: Claudio Ibarra<\/p>\n","protected":false},"excerpt":{"rendered":"<p>SGS.- Desde el pasado fin de semana en Soledad de Graciano S\u00e1nchez dio inicio el operativo \u201cConvoy\u201d para reforzar la seguridad en este municipio, inform\u00f3 el director de la Guardia Civil Municipal el comisario V\u00edctor Serna Pi\u00f1a. El jefe polic\u00edaco se\u00f1al\u00f3 que ser\u00e1 en coordinaci\u00f3n con la Guardia Civil Estatal y al que se suma tambi\u00e9n el municipio de Villa de Pozos, al afirmar que es es un operativo disuasivo-preventivo y de ninguna manera represivo. Inform\u00f3 que se integraron dos c\u00e9lulas operativas que realizan recorridos preventivos y de seguridad con el fin de inhibir conductas delictivas, y faltas administrativas como [&hellip;]<\/p>\n","protected":false},"author":2,"featured_media":192798,"comment_status":"closed","ping_status":"closed","sticky":false,"template":"","format":"video","meta":{"_monsterinsights_skip_tracking":false,"_monsterinsights_sitenote_active":false,"_monsterinsights_sitenote_note":"","_monsterinsights_sitenote_category":0,"footnotes":""},"categories":[512,5,45],"tags":[],"class_list":["post-192780","post","type-post","status-publish","format-video","has-post-thumbnail","hentry","category-ayosgs","category-destacadas","category-localesyregionales","post_format-post-format-video","post--single"],"_links":{"self":[{"href":"https:\/\/canal7slp.tv\/2026\/wp-json\/wp\/v2\/posts\/192780","targetHints":{"allow":["GET"]}}],"collection":[{"href":"https:\/\/canal7slp.tv\/2026\/wp-json\/wp\/v2\/posts"}],"about":[{"href":"https:\/\/canal7slp.tv\/2026\/wp-json\/wp\/v2\/types\/post"}],"author":[{"embeddable":true,"href":"https:\/\/canal7slp.tv\/2026\/wp-json\/wp\/v2\/users\/2"}],"replies":[{"embeddable":true,"href":"https:\/\/canal7slp.tv\/2026\/wp-json\/wp\/v2\/comments?post=192780"}],"version-history":[{"count":3,"href":"https:\/\/canal7slp.tv\/2026\/wp-json\/wp\/v2\/posts\/192780\/revisions"}],"predecessor-version":[{"id":192799,"href":"https:\/\/canal7slp.tv\/2026\/wp-json\/wp\/v2\/posts\/192780\/revisions\/192799"}],"wp:featuredmedia":[{"embeddable":true,"href":"https:\/\/canal7slp.tv\/2026\/wp-json\/wp\/v2\/media\/192798"}],"wp:attachment":[{"href":"https:\/\/canal7slp.tv\/2026\/wp-json\/wp\/v2\/media?parent=192780"}],"wp:term":[{"taxonomy":"category","embeddable":true,"href":"https:\/\/canal7slp.tv\/2026\/wp-json\/wp\/v2\/categories?post=192780"},{"taxonomy":"post_tag","embeddable":true,"href":"https:\/\/canal7slp.tv\/2026\/wp-json\/wp\/v2\/tags?post=192780"}],"curies":[{"name":"wp","href":"https:\/\/api.w.org\/{rel}","templated":true}]}}