{"id":192779,"date":"2026-02-10T10:45:17","date_gmt":"2026-02-10T16:45:17","guid":{"rendered":"https:\/\/canal7slp.tv\/2026\/?p=192779"},"modified":"2026-02-09T19:39:40","modified_gmt":"2026-02-10T01:39:40","slug":"dirigente-estatal-del-pri-a-favor-de-examenes-de-confianza-a-candidatos","status":"publish","type":"post","link":"https:\/\/canal7slp.tv\/2026\/dirigente-estatal-del-pri-a-favor-de-examenes-de-confianza-a-candidatos\/","title":{"rendered":"Dirigente estatal del PRI a favor de ex\u00e1menes de confianza a candidatos"},"content":{"rendered":"<p style=\"text-align: justify;\">SLP.- La propuesta de aplicar ex\u00e1menes de control y confianza a candidatos en las pr\u00f3ximas elecciones s\u00ed es viable consider\u00f3 la presidenta del Comit\u00e9 Directivo Estatal del PRI, Sara Rocha Medina.<\/p>\n<p style=\"text-align: justify;\">Afirm\u00f3 que esto ayudar\u00eda a garantizar perfiles plenamente identificados y de trayectoria conocida al asegurar que su partido, no permitir\u00eda candidatos ajenos a la vida p\u00fablica \u00f3 con posibles v\u00ednculos que no correspodan a una trayectoria pol\u00edtica \u00f3 partidista.<\/p>\n<p style=\"text-align: justify;\">En este contexto, reiter\u00f3 que su partido se pronuncia a favor de esta propuesta al recordar que la reforma electoral debe enfocarse en fortalecer la revisi\u00f3n de los perfiles de quienes buscan cargos p\u00fablicos, y se\u00f1alar que se trata de un asunto de dignificar la pol\u00edtica.<\/p>\n<p>Por: Claudio Ibarra<\/p>\n","protected":false},"excerpt":{"rendered":"<p>SLP.- La propuesta de aplicar ex\u00e1menes de control y confianza a candidatos en las pr\u00f3ximas elecciones s\u00ed es viable consider\u00f3 la presidenta del Comit\u00e9 Directivo Estatal del PRI, Sara Rocha Medina. Afirm\u00f3 que esto ayudar\u00eda a garantizar perfiles plenamente identificados y de trayectoria conocida al asegurar que su partido, no permitir\u00eda candidatos ajenos a la vida p\u00fablica \u00f3 con posibles v\u00ednculos que no correspodan a una trayectoria pol\u00edtica \u00f3 partidista. En este contexto, reiter\u00f3 que su partido se pronuncia a favor de esta propuesta al recordar que la reforma electoral debe enfocarse en fortalecer la revisi\u00f3n de los perfiles de [&hellip;]<\/p>\n","protected":false},"author":2,"featured_media":192795,"comment_status":"closed","ping_status":"closed","sticky":false,"template":"","format":"video","meta":{"_monsterinsights_skip_tracking":false,"_monsterinsights_sitenote_active":false,"_monsterinsights_sitenote_note":"","_monsterinsights_sitenote_category":0,"footnotes":""},"categories":[5,45],"tags":[],"class_list":["post-192779","post","type-post","status-publish","format-video","has-post-thumbnail","hentry","category-destacadas","category-localesyregionales","post_format-post-format-video","post--single"],"_links":{"self":[{"href":"https:\/\/canal7slp.tv\/2026\/wp-json\/wp\/v2\/posts\/192779","targetHints":{"allow":["GET"]}}],"collection":[{"href":"https:\/\/canal7slp.tv\/2026\/wp-json\/wp\/v2\/posts"}],"about":[{"href":"https:\/\/canal7slp.tv\/2026\/wp-json\/wp\/v2\/types\/post"}],"author":[{"embeddable":true,"href":"https:\/\/canal7slp.tv\/2026\/wp-json\/wp\/v2\/users\/2"}],"replies":[{"embeddable":true,"href":"https:\/\/canal7slp.tv\/2026\/wp-json\/wp\/v2\/comments?post=192779"}],"version-history":[{"count":3,"href":"https:\/\/canal7slp.tv\/2026\/wp-json\/wp\/v2\/posts\/192779\/revisions"}],"predecessor-version":[{"id":192796,"href":"https:\/\/canal7slp.tv\/2026\/wp-json\/wp\/v2\/posts\/192779\/revisions\/192796"}],"wp:featuredmedia":[{"embeddable":true,"href":"https:\/\/canal7slp.tv\/2026\/wp-json\/wp\/v2\/media\/192795"}],"wp:attachment":[{"href":"https:\/\/canal7slp.tv\/2026\/wp-json\/wp\/v2\/media?parent=192779"}],"wp:term":[{"taxonomy":"category","embeddable":true,"href":"https:\/\/canal7slp.tv\/2026\/wp-json\/wp\/v2\/categories?post=192779"},{"taxonomy":"post_tag","embeddable":true,"href":"https:\/\/canal7slp.tv\/2026\/wp-json\/wp\/v2\/tags?post=192779"}],"curies":[{"name":"wp","href":"https:\/\/api.w.org\/{rel}","templated":true}]}}