{"id":192777,"date":"2026-02-09T19:13:51","date_gmt":"2026-02-10T01:13:51","guid":{"rendered":"https:\/\/canal7slp.tv\/2026\/?p=192777"},"modified":"2026-02-09T19:13:51","modified_gmt":"2026-02-10T01:13:51","slug":"el-pri-en-contra-de-la-reforma-laboral-de-morena","status":"publish","type":"post","link":"https:\/\/canal7slp.tv\/2026\/el-pri-en-contra-de-la-reforma-laboral-de-morena\/","title":{"rendered":"El PRI en contra de la Reforma Laboral de MORENA"},"content":{"rendered":"<p style=\"text-align: justify;\"><span style=\"font-size: 1.21429rem;\">SLP.- Al afirmar que votar\u00e1n en contra de la reforma laboral de MORENA el presidente de la Fundaci\u00f3n Colosio en San Luis Potos\u00ed, Adolfo Micalco, asegur\u00f3 que el PRI se pronuncia por una reducci\u00f3n de la jornada laboral en beneficio de los trabajadores.<\/span><\/p>\n<p style=\"text-align: justify;\">Y es que afirm\u00f3 que esta es propuesta es una simulaci\u00f3n y enga\u00f1o que dijo, no busca mejorar la calidad de vida de los trabajadores sino que, por el contrario, les afecta hasta en su salud.<\/p>\n<p style=\"text-align: justify;\">El presidente de la Fundaci\u00f3n Colosio se\u00f1al\u00f3 que a cambio, el PRI propone una reducci\u00f3n real en la jornada laboral sin afectar el salario, ni el derecho de los trabajadores.<\/p>\n<p style=\"text-align: justify;\">Reiter\u00f3 que la propuesta de MORENA no garantiza un descanso real ya que mantiene el esquema de un d\u00eda de descanso por cada seis d\u00edas trabajados y que dijo, \u201cabre la puerta a semanas laborales m\u00e1s largas\u201d.<\/p>\n<p style=\"text-align: justify;\">A\u00f1adi\u00f3 que la propuesta pri\u00edsta busca mejorar la calidad de vida de las y los trabajadores al traducirse en mayor tiempo para la salud, la convivencia familiar, la recreaci\u00f3n y el descanso.<\/p>\n<p>Por: Claudio Ibarra<\/p>\n","protected":false},"excerpt":{"rendered":"<p>SLP.- Al afirmar que votar\u00e1n en contra de la reforma laboral de MORENA el presidente de la Fundaci\u00f3n Colosio en San Luis Potos\u00ed, Adolfo Micalco, asegur\u00f3 que el PRI se pronuncia por una reducci\u00f3n de la jornada laboral en beneficio de los trabajadores. Y es que afirm\u00f3 que esta es propuesta es una simulaci\u00f3n y enga\u00f1o que dijo, no busca mejorar la calidad de vida de los trabajadores sino que, por el contrario, les afecta hasta en su salud. El presidente de la Fundaci\u00f3n Colosio se\u00f1al\u00f3 que a cambio, el PRI propone una reducci\u00f3n real en la jornada laboral sin [&hellip;]<\/p>\n","protected":false},"author":2,"featured_media":192791,"comment_status":"closed","ping_status":"closed","sticky":false,"template":"","format":"video","meta":{"_monsterinsights_skip_tracking":false,"_monsterinsights_sitenote_active":false,"_monsterinsights_sitenote_note":"","_monsterinsights_sitenote_category":0,"footnotes":""},"categories":[5,45],"tags":[],"class_list":["post-192777","post","type-post","status-publish","format-video","has-post-thumbnail","hentry","category-destacadas","category-localesyregionales","post_format-post-format-video","post--single"],"_links":{"self":[{"href":"https:\/\/canal7slp.tv\/2026\/wp-json\/wp\/v2\/posts\/192777","targetHints":{"allow":["GET"]}}],"collection":[{"href":"https:\/\/canal7slp.tv\/2026\/wp-json\/wp\/v2\/posts"}],"about":[{"href":"https:\/\/canal7slp.tv\/2026\/wp-json\/wp\/v2\/types\/post"}],"author":[{"embeddable":true,"href":"https:\/\/canal7slp.tv\/2026\/wp-json\/wp\/v2\/users\/2"}],"replies":[{"embeddable":true,"href":"https:\/\/canal7slp.tv\/2026\/wp-json\/wp\/v2\/comments?post=192777"}],"version-history":[{"count":2,"href":"https:\/\/canal7slp.tv\/2026\/wp-json\/wp\/v2\/posts\/192777\/revisions"}],"predecessor-version":[{"id":192792,"href":"https:\/\/canal7slp.tv\/2026\/wp-json\/wp\/v2\/posts\/192777\/revisions\/192792"}],"wp:featuredmedia":[{"embeddable":true,"href":"https:\/\/canal7slp.tv\/2026\/wp-json\/wp\/v2\/media\/192791"}],"wp:attachment":[{"href":"https:\/\/canal7slp.tv\/2026\/wp-json\/wp\/v2\/media?parent=192777"}],"wp:term":[{"taxonomy":"category","embeddable":true,"href":"https:\/\/canal7slp.tv\/2026\/wp-json\/wp\/v2\/categories?post=192777"},{"taxonomy":"post_tag","embeddable":true,"href":"https:\/\/canal7slp.tv\/2026\/wp-json\/wp\/v2\/tags?post=192777"}],"curies":[{"name":"wp","href":"https:\/\/api.w.org\/{rel}","templated":true}]}}