{"id":192757,"date":"2026-02-09T17:32:34","date_gmt":"2026-02-09T23:32:34","guid":{"rendered":"https:\/\/canal7slp.tv\/2026\/?p=192757"},"modified":"2026-02-09T17:32:34","modified_gmt":"2026-02-09T23:32:34","slug":"ambulantes-pesima-movilidad-y-bajas-ventas-principales-causas-de-cierre-de-negocios-nuestro-centro","status":"publish","type":"post","link":"https:\/\/canal7slp.tv\/2026\/ambulantes-pesima-movilidad-y-bajas-ventas-principales-causas-de-cierre-de-negocios-nuestro-centro\/","title":{"rendered":"Ambulantes, p\u00e9sima movilidad y bajas ventas, principales causas de cierre de negocios: Nuestro Centro"},"content":{"rendered":"<p style=\"text-align: justify;\">SLP.- Comerciantes ambulantes, bajas ventas y falta de zona de estacionamiento, principales causas que han ocasionado el cierre de comercios en la Avenida Carranza y el primer cuadro de la ciudad y su alrededores, as\u00ed lo extern\u00f3 la presidenta de Nuestro Centro, M\u00f3nica Heredia Sainz.<\/p>\n<p style=\"text-align: justify;\">\u201cEl tema de Carranza repercute tambi\u00e9n aqu\u00ed en el centro porque hay que recordar que el Centro Hist\u00f3rico comienza precisamente en Tequis\u201d.<\/p>\n<p style=\"text-align: justify;\">Indic\u00f3 que tanto la avenida como el primer cuadro de la ciudad son indispensables para la vida econ\u00f3mica de la zona metropolitana.<\/p>\n<p style=\"text-align: justify;\">\u201cYo creo que son los dos temas prioritarios para el Centro Hist\u00f3rico, la entrada que es Carranza, todos los comerciantes de Carranza y el tema del ambulantaje\u201d.<\/p>\n<p style=\"text-align: justify;\">En Carranza, la movilidad no es la adecuada.<\/p>\n<p style=\"text-align: justify;\">\u201cEs el tema del estacionamiento, la verdad es que la movilidad que tiene se vio severamente afectada y necesitan recuperarlo, porque la verdad es que ah\u00ed se est\u00e1 perdiendo much\u00edsimo m\u00e1s , se perdieron much\u00edsimos empleos, much\u00edsimas fuentes de trabajo y pues ingreso para las familias potosinas\u201d.<\/p>\n<p style=\"text-align: justify;\">Las ventas lentas y altas rentas, son otros puntos que no permiten continuar a los emprendedores.<\/p>\n<p style=\"text-align: justify;\">\u201cYo creo que las bajas ventas, las bajas ventas, no te s\u00e9 decir, exactamente si las rentas, pero s\u00ed las bajas ventas\u201d.<\/p>\n<p style=\"text-align: justify;\">Solicit\u00f3 el apoyo de las autoridades de la capital.<\/p>\n<p style=\"text-align: justify;\">\u201cCon el alcalde arreglar ya el tema de Carranza, urge, se est\u00e1n muriendo los comercios en esa zona y los pocos que est\u00e1n, est\u00e1n agonizando\u201d.<\/p>\n<p>Por: Juan Carlos Contreras<\/p>\n","protected":false},"excerpt":{"rendered":"<p>SLP.- Comerciantes ambulantes, bajas ventas y falta de zona de estacionamiento, principales causas que han ocasionado el cierre de comercios en la Avenida Carranza y el primer cuadro de la ciudad y su alrededores, as\u00ed lo extern\u00f3 la presidenta de Nuestro Centro, M\u00f3nica Heredia Sainz. \u201cEl tema de Carranza repercute tambi\u00e9n aqu\u00ed en el centro porque hay que recordar que el Centro Hist\u00f3rico comienza precisamente en Tequis\u201d. Indic\u00f3 que tanto la avenida como el primer cuadro de la ciudad son indispensables para la vida econ\u00f3mica de la zona metropolitana. \u201cYo creo que son los dos temas prioritarios para el Centro [&hellip;]<\/p>\n","protected":false},"author":2,"featured_media":192765,"comment_status":"closed","ping_status":"closed","sticky":false,"template":"","format":"video","meta":{"_monsterinsights_skip_tracking":false,"_monsterinsights_sitenote_active":false,"_monsterinsights_sitenote_note":"","_monsterinsights_sitenote_category":0,"footnotes":""},"categories":[5,45],"tags":[],"class_list":["post-192757","post","type-post","status-publish","format-video","has-post-thumbnail","hentry","category-destacadas","category-localesyregionales","post_format-post-format-video","post--single"],"_links":{"self":[{"href":"https:\/\/canal7slp.tv\/2026\/wp-json\/wp\/v2\/posts\/192757","targetHints":{"allow":["GET"]}}],"collection":[{"href":"https:\/\/canal7slp.tv\/2026\/wp-json\/wp\/v2\/posts"}],"about":[{"href":"https:\/\/canal7slp.tv\/2026\/wp-json\/wp\/v2\/types\/post"}],"author":[{"embeddable":true,"href":"https:\/\/canal7slp.tv\/2026\/wp-json\/wp\/v2\/users\/2"}],"replies":[{"embeddable":true,"href":"https:\/\/canal7slp.tv\/2026\/wp-json\/wp\/v2\/comments?post=192757"}],"version-history":[{"count":2,"href":"https:\/\/canal7slp.tv\/2026\/wp-json\/wp\/v2\/posts\/192757\/revisions"}],"predecessor-version":[{"id":192773,"href":"https:\/\/canal7slp.tv\/2026\/wp-json\/wp\/v2\/posts\/192757\/revisions\/192773"}],"wp:featuredmedia":[{"embeddable":true,"href":"https:\/\/canal7slp.tv\/2026\/wp-json\/wp\/v2\/media\/192765"}],"wp:attachment":[{"href":"https:\/\/canal7slp.tv\/2026\/wp-json\/wp\/v2\/media?parent=192757"}],"wp:term":[{"taxonomy":"category","embeddable":true,"href":"https:\/\/canal7slp.tv\/2026\/wp-json\/wp\/v2\/categories?post=192757"},{"taxonomy":"post_tag","embeddable":true,"href":"https:\/\/canal7slp.tv\/2026\/wp-json\/wp\/v2\/tags?post=192757"}],"curies":[{"name":"wp","href":"https:\/\/api.w.org\/{rel}","templated":true}]}}