{"id":192704,"date":"2026-02-09T14:05:23","date_gmt":"2026-02-09T20:05:23","guid":{"rendered":"https:\/\/canal7slp.tv\/2026\/?p=192704"},"modified":"2026-02-09T14:05:23","modified_gmt":"2026-02-09T20:05:23","slug":"ops-urge-a-mexico-a-reforzar-vacunacion-ante-brote-de-sarampion","status":"publish","type":"post","link":"https:\/\/canal7slp.tv\/2026\/ops-urge-a-mexico-a-reforzar-vacunacion-ante-brote-de-sarampion\/","title":{"rendered":"OPS urge a M\u00e9xico a reforzar vacunaci\u00f3n ante brote de sarampi\u00f3n"},"content":{"rendered":"<p style=\"text-align: justify;\">M\u00e9xico.- M\u00e9xico enfrenta un repunte significativo de sarampi\u00f3n, con un total acumulado de ocho mil 459 casos confirmados, de los cuales dos mil 27 corresponden a lo que va de 2026, lo que coloca al pa\u00eds como el de mayor n\u00famero de contagios en Am\u00e9rica. Especialistas de la Universidad Aut\u00f3noma Metropolitana (UAM) atribuyen este incremento a una disminuci\u00f3n sostenida de las coberturas de vacunaci\u00f3n registrada durante varios a\u00f1os.<\/p>\n<p style=\"text-align: justify;\">El epidemi\u00f3logo Pablo Francisco Oliva S\u00e1nchez explic\u00f3 que el brote actual no es un fen\u00f3meno repentino, sino el resultado de una reducci\u00f3n progresiva en la inmunizaci\u00f3n. Record\u00f3 que durante la d\u00e9cada de los noventa M\u00e9xico alcanz\u00f3 coberturas cercanas al 95% con esquemas completos, mientras que en la actualidad estas se sit\u00faan alrededor del 71%, muy por debajo del nivel necesario para interrumpir la transmisi\u00f3n del virus.<\/p>\n<p style=\"text-align: justify;\">Ante este panorama, la Organizaci\u00f3n Panamericana de la Salud (OPS) ha exhortado a M\u00e9xico a reforzar de manera urgente las campa\u00f1as de vacunaci\u00f3n y a responder con rapidez ante los brotes de sarampi\u00f3n, una enfermedad altamente contagiosa que afecta principalmente a ni\u00f1as y ni\u00f1os de entre uno y nueve a\u00f1os. Oliva subray\u00f3 que una sola persona infectada puede contagiar entre 12 y 18 individuos susceptibles, lo que evidencia la importancia de mantener coberturas elevadas.<\/p>\n<p style=\"text-align: justify;\">El investigador se\u00f1al\u00f3 que muchos de los brotes recientes tuvieron su origen en casos importados; sin embargo, el riesgo mayor aparece cuando el virus llega a comunidades con baja protecci\u00f3n inmunol\u00f3gica. Advirti\u00f3 que M\u00e9xico hab\u00eda logrado interrumpir la transmisi\u00f3n aut\u00f3ctona del sarampi\u00f3n desde 1995, pero existe el peligro de que estas cadenas de contagio se restablezcan si no se corrigen las brechas actuales.<\/p>\n<p style=\"text-align: justify;\">Oliva llam\u00f3 a las autoridades a mejorar la cobertura de las campa\u00f1as de inmunizaci\u00f3n, fortalecer la distribuci\u00f3n de biol\u00f3gicos, incrementar el financiamiento a la salud p\u00fablica y reforzar la vigilancia epidemiol\u00f3gica, especialmente en entidades como Chihuahua, Jalisco y Chiapas, donde se concentra la mayor cantidad de casos. Tambi\u00e9n exhort\u00f3 a la poblaci\u00f3n a vacunarse, al se\u00f1alar que se trata de una decisi\u00f3n individual con consecuencias colectivas.<\/p>\n<p style=\"text-align: justify;\">Finalmente, record\u00f3 que, aunque los menores son el grupo m\u00e1s vulnerable, j\u00f3venes y adultos que no cuentan con esquemas completos tambi\u00e9n pueden contagiarse y desarrollar complicaciones graves. De acuerdo con la Secretar\u00eda de Salud, durante el a\u00f1o pasado se registraron 25 muertes asociadas al sarampi\u00f3n, y en lo que va de 2026 se han confirmado dos decesos, uno en Tlaxcala y otro en Michoac\u00e1n.<\/p>\n","protected":false},"excerpt":{"rendered":"<p>M\u00e9xico.- M\u00e9xico enfrenta un repunte significativo de sarampi\u00f3n, con un total acumulado de ocho mil 459 casos confirmados, de los cuales dos mil 27 corresponden a lo que va de 2026, lo que coloca al pa\u00eds como el de mayor n\u00famero de contagios en Am\u00e9rica. Especialistas de la Universidad Aut\u00f3noma Metropolitana (UAM) atribuyen este incremento a una disminuci\u00f3n sostenida de las coberturas de vacunaci\u00f3n registrada durante varios a\u00f1os. El epidemi\u00f3logo Pablo Francisco Oliva S\u00e1nchez explic\u00f3 que el brote actual no es un fen\u00f3meno repentino, sino el resultado de una reducci\u00f3n progresiva en la inmunizaci\u00f3n. Record\u00f3 que durante la d\u00e9cada de [&hellip;]<\/p>\n","protected":false},"author":2,"featured_media":192723,"comment_status":"closed","ping_status":"closed","sticky":false,"template":"","format":"standard","meta":{"_monsterinsights_skip_tracking":false,"_monsterinsights_sitenote_active":false,"_monsterinsights_sitenote_note":"","_monsterinsights_sitenote_category":0,"footnotes":""},"categories":[46],"tags":[],"class_list":["post-192704","post","type-post","status-publish","format-standard","has-post-thumbnail","hentry","category-nacional","post--single"],"_links":{"self":[{"href":"https:\/\/canal7slp.tv\/2026\/wp-json\/wp\/v2\/posts\/192704","targetHints":{"allow":["GET"]}}],"collection":[{"href":"https:\/\/canal7slp.tv\/2026\/wp-json\/wp\/v2\/posts"}],"about":[{"href":"https:\/\/canal7slp.tv\/2026\/wp-json\/wp\/v2\/types\/post"}],"author":[{"embeddable":true,"href":"https:\/\/canal7slp.tv\/2026\/wp-json\/wp\/v2\/users\/2"}],"replies":[{"embeddable":true,"href":"https:\/\/canal7slp.tv\/2026\/wp-json\/wp\/v2\/comments?post=192704"}],"version-history":[{"count":1,"href":"https:\/\/canal7slp.tv\/2026\/wp-json\/wp\/v2\/posts\/192704\/revisions"}],"predecessor-version":[{"id":192721,"href":"https:\/\/canal7slp.tv\/2026\/wp-json\/wp\/v2\/posts\/192704\/revisions\/192721"}],"wp:featuredmedia":[{"embeddable":true,"href":"https:\/\/canal7slp.tv\/2026\/wp-json\/wp\/v2\/media\/192723"}],"wp:attachment":[{"href":"https:\/\/canal7slp.tv\/2026\/wp-json\/wp\/v2\/media?parent=192704"}],"wp:term":[{"taxonomy":"category","embeddable":true,"href":"https:\/\/canal7slp.tv\/2026\/wp-json\/wp\/v2\/categories?post=192704"},{"taxonomy":"post_tag","embeddable":true,"href":"https:\/\/canal7slp.tv\/2026\/wp-json\/wp\/v2\/tags?post=192704"}],"curies":[{"name":"wp","href":"https:\/\/api.w.org\/{rel}","templated":true}]}}