{"id":192685,"date":"2026-02-08T11:53:06","date_gmt":"2026-02-08T17:53:06","guid":{"rendered":"https:\/\/canal7slp.tv\/2026\/?p=192685"},"modified":"2026-02-08T11:53:06","modified_gmt":"2026-02-08T17:53:06","slug":"cuba-activa-medidas-de-emergencia-por-desabasto-de-combustible","status":"publish","type":"post","link":"https:\/\/canal7slp.tv\/2026\/cuba-activa-medidas-de-emergencia-por-desabasto-de-combustible\/","title":{"rendered":"Cuba activa medidas de emergencia por desabasto de combustible"},"content":{"rendered":"<p style=\"text-align: justify;\">La Habana.- El gobierno de Cuba anunci\u00f3 este viernes 6 de febrero un paquete de medidas de emergencia para hacer frente al desabasto de combustible, derivado del bloqueo petrolero impuesto por Estados Unidos. Las acciones contemplan la racionaci\u00f3n en la venta de carburantes, la priorizaci\u00f3n del trabajo a distancia y la implementaci\u00f3n de esquemas educativos semipresenciales.<\/p>\n<p style=\"text-align: justify;\">Las disposiciones fueron aprobadas durante un Consejo de Ministros extraordinario y dadas a conocer a trav\u00e9s de la televisi\u00f3n estatal por diversos integrantes del gabinete, entre ellos el viceprimer ministro Oscar P\u00e9rez-Oliva, as\u00ed como los titulares de Trabajo, Transporte, Educaci\u00f3n Superior y Educaci\u00f3n.<\/p>\n<p style=\"text-align: justify;\">P\u00e9rez-Oliva explic\u00f3 que el Ejecutivo destinar\u00e1 el limitado combustible disponible a garantizar la \u201cvitalidad de los servicios fundamentales\u201d y el funcionamiento de las \u201cactividades econ\u00f3micas esenciales\u201d, en particular aquellas generadoras de divisas, como el turismo. \u201cNo vamos a colapsar, porque el pueblo cubano no colapsa\u201d, afirm\u00f3.<\/p>\n<p style=\"text-align: justify;\">Como parte del plan, el gobierno facilitar\u00e1 los tr\u00e1mites para que las empresas privadas con capacidad de importar su propio combustible puedan hacerlo sin obst\u00e1culos administrativos. Asimismo, se prev\u00e9 la distribuci\u00f3n de paneles solares a trabajadores esenciales, centros sociales y sucursales bancarias, como una alternativa para mitigar la crisis energ\u00e9tica.<\/p>\n<p style=\"text-align: justify;\">Estas decisiones retoman lineamientos anunciados previamente por el presidente Miguel D\u00edaz-Canel, quien se\u00f1al\u00f3 que el paquete de emergencia se inspira en las \u201cindicaciones\u201d del expresidente Fidel Castro durante el llamado Periodo Especial, la severa crisis econ\u00f3mica que sigui\u00f3 a la ca\u00edda del bloque sovi\u00e9tico en la d\u00e9cada de 1990. En ese contexto, D\u00edaz-Canel evoc\u00f3 el concepto de la \u201copci\u00f3n cero\u201d, un esquema de supervivencia que incluy\u00f3 racionamiento extremo, uso de tracci\u00f3n animal y estrategias de autosuficiencia alimentaria.<\/p>\n<p style=\"text-align: justify;\">El viceprimer ministro tambi\u00e9n inform\u00f3 que se impulsar\u00e1 el desarrollo de la agricultura urbana y dom\u00e9stica para contrarrestar la ca\u00edda de la producci\u00f3n agr\u00edcola provocada por la falta de combustible. El desabasto, advirti\u00f3, tendr\u00e1 efectos directos en los centros de trabajo, universidades y en el transporte p\u00fablico de pasajeros.<\/p>\n<p style=\"text-align: justify;\">En el \u00e1mbito laboral, el ministro de Trabajo, Jes\u00fas Otamendiz, se\u00f1al\u00f3 que se fomentar\u00e1 el teletrabajo y la reubicaci\u00f3n temporal de empleados en empresas estatales. Por su parte, el ministro de Educaci\u00f3n Superior, Walter Baluja, anunci\u00f3 que las universidades adoptar\u00e1n un modelo h\u00edbrido, con clases semipresenciales.<\/p>\n<p style=\"text-align: justify;\">Uno de los impactos m\u00e1s visibles ser\u00e1 en el transporte ferroviario. El ministro de Transporte, Eduardo Rodr\u00edguez, inform\u00f3 que los viajes en tren se realizar\u00e1n cada ocho d\u00edas por destino, como parte de las medidas de ahorro de combustible.<\/p>\n","protected":false},"excerpt":{"rendered":"<p>La Habana.- El gobierno de Cuba anunci\u00f3 este viernes 6 de febrero un paquete de medidas de emergencia para hacer frente al desabasto de combustible, derivado del bloqueo petrolero impuesto por Estados Unidos. Las acciones contemplan la racionaci\u00f3n en la venta de carburantes, la priorizaci\u00f3n del trabajo a distancia y la implementaci\u00f3n de esquemas educativos semipresenciales. Las disposiciones fueron aprobadas durante un Consejo de Ministros extraordinario y dadas a conocer a trav\u00e9s de la televisi\u00f3n estatal por diversos integrantes del gabinete, entre ellos el viceprimer ministro Oscar P\u00e9rez-Oliva, as\u00ed como los titulares de Trabajo, Transporte, Educaci\u00f3n Superior y Educaci\u00f3n. P\u00e9rez-Oliva [&hellip;]<\/p>\n","protected":false},"author":2,"featured_media":192686,"comment_status":"closed","ping_status":"closed","sticky":false,"template":"","format":"standard","meta":{"_monsterinsights_skip_tracking":false,"_monsterinsights_sitenote_active":false,"_monsterinsights_sitenote_note":"","_monsterinsights_sitenote_category":0,"footnotes":""},"categories":[40,44],"tags":[],"class_list":["post-192685","post","type-post","status-publish","format-standard","has-post-thumbnail","hentry","category-economia","category-internacional","post--single"],"_links":{"self":[{"href":"https:\/\/canal7slp.tv\/2026\/wp-json\/wp\/v2\/posts\/192685","targetHints":{"allow":["GET"]}}],"collection":[{"href":"https:\/\/canal7slp.tv\/2026\/wp-json\/wp\/v2\/posts"}],"about":[{"href":"https:\/\/canal7slp.tv\/2026\/wp-json\/wp\/v2\/types\/post"}],"author":[{"embeddable":true,"href":"https:\/\/canal7slp.tv\/2026\/wp-json\/wp\/v2\/users\/2"}],"replies":[{"embeddable":true,"href":"https:\/\/canal7slp.tv\/2026\/wp-json\/wp\/v2\/comments?post=192685"}],"version-history":[{"count":1,"href":"https:\/\/canal7slp.tv\/2026\/wp-json\/wp\/v2\/posts\/192685\/revisions"}],"predecessor-version":[{"id":192687,"href":"https:\/\/canal7slp.tv\/2026\/wp-json\/wp\/v2\/posts\/192685\/revisions\/192687"}],"wp:featuredmedia":[{"embeddable":true,"href":"https:\/\/canal7slp.tv\/2026\/wp-json\/wp\/v2\/media\/192686"}],"wp:attachment":[{"href":"https:\/\/canal7slp.tv\/2026\/wp-json\/wp\/v2\/media?parent=192685"}],"wp:term":[{"taxonomy":"category","embeddable":true,"href":"https:\/\/canal7slp.tv\/2026\/wp-json\/wp\/v2\/categories?post=192685"},{"taxonomy":"post_tag","embeddable":true,"href":"https:\/\/canal7slp.tv\/2026\/wp-json\/wp\/v2\/tags?post=192685"}],"curies":[{"name":"wp","href":"https:\/\/api.w.org\/{rel}","templated":true}]}}