{"id":192330,"date":"2026-02-04T14:30:48","date_gmt":"2026-02-04T20:30:48","guid":{"rendered":"https:\/\/canal7slp.tv\/2026\/?p=192330"},"modified":"2026-02-04T14:30:48","modified_gmt":"2026-02-04T20:30:48","slug":"retiran-700-agentes-del-ice-de-minnesota-tras-protestas-y-tensiones","status":"publish","type":"post","link":"https:\/\/canal7slp.tv\/2026\/retiran-700-agentes-del-ice-de-minnesota-tras-protestas-y-tensiones\/","title":{"rendered":"Retiran 700 agentes del ICE de Minnesota tras protestas y tensiones"},"content":{"rendered":"<p style=\"text-align: justify;\">Minnesota.- Este mi\u00e9rcoles, Tom Homan, conocido como el \u201czar de la frontera\u201d, anunci\u00f3 desde Minnesota el retiro de aproximadamente 700 agentes del Servicio de Control de Inmigraci\u00f3n y Aduanas (ICE), como respuesta al aumento de tensiones y protestas en contra de la presencia de la agencia en la regi\u00f3n. La medida implica la salida de cerca de una cuarta parte de los casi tres mil agentes federales desplegados en el estado.<\/p>\n<p style=\"text-align: justify;\">El anuncio se produce en un contexto de manifestaciones intensificadas, particularmente tras el asesinato del manifestante Alex Pretti, ocurrido durante protestas en Mine\u00e1polis, lo que represent\u00f3 el segundo tiroteo fatal atribuido a agentes federales en la ciudad. Estos hechos han generado una fuerte reacci\u00f3n social y pol\u00edtica en las denominadas Ciudades Gemelas, Mine\u00e1polis y St. Paul.<\/p>\n<p style=\"text-align: justify;\">Durante una conferencia de prensa, Homan explic\u00f3 que la decisi\u00f3n responde a una mejora en la cooperaci\u00f3n con autoridades estatales y locales. \u201cDada esta colaboraci\u00f3n sin precedentes y la necesidad de menos personal para realizar este trabajo en un entorno ahora m\u00e1s seguro, anunciamos que, con efecto inmediato, retiraremos a 700 agentes del orden p\u00fablico\u201d, afirm\u00f3.<\/p>\n<p style=\"text-align: justify;\">La semana anterior, Homan hab\u00eda se\u00f1alado que el Gobierno federal estaba dispuesto a reducir el n\u00famero de agentes en Minnesota, siempre y cuando existiera cooperaci\u00f3n por parte de los gobiernos locales. Sus declaraciones se dieron despu\u00e9s de que el presidente Donald Trump mostrara disposici\u00f3n a desescalar el conflicto en las \u00e1reas de Mine\u00e1polis y St. Paul.<\/p>\n<p style=\"text-align: justify;\">El funcionario tambi\u00e9n subray\u00f3 la importancia de que las c\u00e1rceles locales notifiquen al ICE sobre reclusos con posible orden de deportaci\u00f3n, al argumentar que su entrega directa es m\u00e1s segura que desplegar agentes para localizarlos en comunidades. En ese sentido, reiter\u00f3 las cr\u00edticas de la Casa Blanca hacia las llamadas jurisdicciones santuario, que limitan la cooperaci\u00f3n con autoridades migratorias federales.<\/p>\n<p style=\"text-align: justify;\">Al ser cuestionado sobre la efectividad de las operaciones del ICE en Minnesota, Homan asegur\u00f3 que han sido exitosas en t\u00e9rminos de seguridad p\u00fablica. \u201cHemos retirado de las calles de las Ciudades Gemelas a muchas personas, por lo que considero que la operaci\u00f3n ha sido efectiva\u201d, sostuvo. No obstante, reconoci\u00f3 que el despliegue no fue perfecto y que se estableci\u00f3 una cadena de mando unificada para garantizar el cumplimiento de las reglas. A\u00f1adi\u00f3 que no existe evidencia de que alg\u00fan agente haya actuado de forma intencional fuera de los protocolos establecidos.<\/p>\n","protected":false},"excerpt":{"rendered":"<p>Minnesota.- Este mi\u00e9rcoles, Tom Homan, conocido como el \u201czar de la frontera\u201d, anunci\u00f3 desde Minnesota el retiro de aproximadamente 700 agentes del Servicio de Control de Inmigraci\u00f3n y Aduanas (ICE), como respuesta al aumento de tensiones y protestas en contra de la presencia de la agencia en la regi\u00f3n. La medida implica la salida de cerca de una cuarta parte de los casi tres mil agentes federales desplegados en el estado. El anuncio se produce en un contexto de manifestaciones intensificadas, particularmente tras el asesinato del manifestante Alex Pretti, ocurrido durante protestas en Mine\u00e1polis, lo que represent\u00f3 el segundo tiroteo [&hellip;]<\/p>\n","protected":false},"author":2,"featured_media":192331,"comment_status":"closed","ping_status":"closed","sticky":false,"template":"","format":"standard","meta":{"_monsterinsights_skip_tracking":false,"_monsterinsights_sitenote_active":false,"_monsterinsights_sitenote_note":"","_monsterinsights_sitenote_category":0,"footnotes":""},"categories":[44],"tags":[],"class_list":["post-192330","post","type-post","status-publish","format-standard","has-post-thumbnail","hentry","category-internacional","post--single"],"_links":{"self":[{"href":"https:\/\/canal7slp.tv\/2026\/wp-json\/wp\/v2\/posts\/192330","targetHints":{"allow":["GET"]}}],"collection":[{"href":"https:\/\/canal7slp.tv\/2026\/wp-json\/wp\/v2\/posts"}],"about":[{"href":"https:\/\/canal7slp.tv\/2026\/wp-json\/wp\/v2\/types\/post"}],"author":[{"embeddable":true,"href":"https:\/\/canal7slp.tv\/2026\/wp-json\/wp\/v2\/users\/2"}],"replies":[{"embeddable":true,"href":"https:\/\/canal7slp.tv\/2026\/wp-json\/wp\/v2\/comments?post=192330"}],"version-history":[{"count":1,"href":"https:\/\/canal7slp.tv\/2026\/wp-json\/wp\/v2\/posts\/192330\/revisions"}],"predecessor-version":[{"id":192332,"href":"https:\/\/canal7slp.tv\/2026\/wp-json\/wp\/v2\/posts\/192330\/revisions\/192332"}],"wp:featuredmedia":[{"embeddable":true,"href":"https:\/\/canal7slp.tv\/2026\/wp-json\/wp\/v2\/media\/192331"}],"wp:attachment":[{"href":"https:\/\/canal7slp.tv\/2026\/wp-json\/wp\/v2\/media?parent=192330"}],"wp:term":[{"taxonomy":"category","embeddable":true,"href":"https:\/\/canal7slp.tv\/2026\/wp-json\/wp\/v2\/categories?post=192330"},{"taxonomy":"post_tag","embeddable":true,"href":"https:\/\/canal7slp.tv\/2026\/wp-json\/wp\/v2\/tags?post=192330"}],"curies":[{"name":"wp","href":"https:\/\/api.w.org\/{rel}","templated":true}]}}