{"id":192327,"date":"2026-02-04T14:04:11","date_gmt":"2026-02-04T20:04:11","guid":{"rendered":"https:\/\/canal7slp.tv\/2026\/?p=192327"},"modified":"2026-02-04T14:04:11","modified_gmt":"2026-02-04T20:04:11","slug":"presidencia-descarta-confrontacion-militar-ante-violencia-en-sinaloa","status":"publish","type":"post","link":"https:\/\/canal7slp.tv\/2026\/presidencia-descarta-confrontacion-militar-ante-violencia-en-sinaloa\/","title":{"rendered":"Presidencia descarta confrontaci\u00f3n militar ante violencia en Sinaloa"},"content":{"rendered":"<p style=\"text-align: justify;\">M\u00e9xico.- Ante la crisis de seguridad que se vive en Sinaloa, la presidenta de M\u00e9xico, Claudia Sheinbaum Pardo, reafirm\u00f3 que su gobierno no recurrir\u00e1 a una estrategia de confrontaci\u00f3n militar directa, al considerar que este enfoque ha demostrado, en el pasado, provocar un incremento en la violencia. La mandataria se pronunci\u00f3 luego de una serie de hechos recientes, entre ellos el secuestro de diez mineros por un comando armado y un ataque a balazos contra dos diputados de Movimiento Ciudadano.<\/p>\n<p style=\"text-align: justify;\">Durante su conferencia matutina, Sheinbaum sostuvo que \u201cnuestra pol\u00edtica no es el enfrentamiento militar\u201d y record\u00f3 que este modelo fue aplicado en el pa\u00eds entre 2006 y 2012, periodo en el que se registr\u00f3 un aumento significativo de los niveles de violencia. Subray\u00f3 que la estrategia actual se centra en la detenci\u00f3n de integrantes de grupos delictivos conforme a la ley, as\u00ed como en la atenci\u00f3n a las causas sociales que empujan a j\u00f3venes a integrarse al crimen organizado.<\/p>\n<p style=\"text-align: justify;\">Aunque reconoci\u00f3 que en Sinaloa se ha observado una disminuci\u00f3n en el n\u00famero de homicidios, la presidenta atribuy\u00f3 la reciente ola de violencia a una pugna interna dentro de un grupo criminal, en referencia a las disputas entre facciones del C\u00e1rtel de Sinaloa, organizaci\u00f3n que fue catalogada como grupo terrorista por Estados Unidos el a\u00f1o pasado. En este contexto, enfatiz\u00f3 que uno de los objetivos centrales de su administraci\u00f3n es evitar afectaciones a la poblaci\u00f3n civil.<\/p>\n<p style=\"text-align: justify;\">Sheinbaum inform\u00f3 que el titular de la Secretar\u00eda de Seguridad y Protecci\u00f3n Ciudadana, Omar Garc\u00eda Harfuch, se encuentra en Sinaloa para revisar y ajustar la estrategia de seguridad en coordinaci\u00f3n con autoridades locales y federales.<\/p>\n<p style=\"text-align: justify;\">Pese a los hechos recientes, la mandataria defendi\u00f3 los resultados alcanzados en la entidad, destacando la reducci\u00f3n en la producci\u00f3n de drogas a partir del desmantelamiento de diversos laboratorios clandestinos. Asimismo, insisti\u00f3 en que una parte fundamental del problema de violencia en M\u00e9xico radica en el tr\u00e1fico ilegal de armas desde Estados Unidos, al se\u00f1alar que al menos el 75% de las armas de alto poder aseguradas en el pa\u00eds provienen de ese territorio.<\/p>\n<p style=\"text-align: justify;\">\u201cEstamos trabajando para mantener el n\u00famero de homicidios bajo control y seguiremos protegiendo a la poblaci\u00f3n de Sinaloa\u201d, afirm\u00f3. Como parte de la respuesta federal, el Gobierno de M\u00e9xico despleg\u00f3 cerca de 2,800 elementos militares, de seguridad y ministeriales en el estado, tras la desaparici\u00f3n de los mineros y el ataque armado contra los legisladores.<\/p>\n","protected":false},"excerpt":{"rendered":"<p>M\u00e9xico.- Ante la crisis de seguridad que se vive en Sinaloa, la presidenta de M\u00e9xico, Claudia Sheinbaum Pardo, reafirm\u00f3 que su gobierno no recurrir\u00e1 a una estrategia de confrontaci\u00f3n militar directa, al considerar que este enfoque ha demostrado, en el pasado, provocar un incremento en la violencia. La mandataria se pronunci\u00f3 luego de una serie de hechos recientes, entre ellos el secuestro de diez mineros por un comando armado y un ataque a balazos contra dos diputados de Movimiento Ciudadano. Durante su conferencia matutina, Sheinbaum sostuvo que \u201cnuestra pol\u00edtica no es el enfrentamiento militar\u201d y record\u00f3 que este modelo fue [&hellip;]<\/p>\n","protected":false},"author":2,"featured_media":192328,"comment_status":"closed","ping_status":"closed","sticky":false,"template":"","format":"standard","meta":{"_monsterinsights_skip_tracking":false,"_monsterinsights_sitenote_active":false,"_monsterinsights_sitenote_note":"","_monsterinsights_sitenote_category":0,"footnotes":""},"categories":[46],"tags":[],"class_list":["post-192327","post","type-post","status-publish","format-standard","has-post-thumbnail","hentry","category-nacional","post--single"],"_links":{"self":[{"href":"https:\/\/canal7slp.tv\/2026\/wp-json\/wp\/v2\/posts\/192327","targetHints":{"allow":["GET"]}}],"collection":[{"href":"https:\/\/canal7slp.tv\/2026\/wp-json\/wp\/v2\/posts"}],"about":[{"href":"https:\/\/canal7slp.tv\/2026\/wp-json\/wp\/v2\/types\/post"}],"author":[{"embeddable":true,"href":"https:\/\/canal7slp.tv\/2026\/wp-json\/wp\/v2\/users\/2"}],"replies":[{"embeddable":true,"href":"https:\/\/canal7slp.tv\/2026\/wp-json\/wp\/v2\/comments?post=192327"}],"version-history":[{"count":1,"href":"https:\/\/canal7slp.tv\/2026\/wp-json\/wp\/v2\/posts\/192327\/revisions"}],"predecessor-version":[{"id":192329,"href":"https:\/\/canal7slp.tv\/2026\/wp-json\/wp\/v2\/posts\/192327\/revisions\/192329"}],"wp:featuredmedia":[{"embeddable":true,"href":"https:\/\/canal7slp.tv\/2026\/wp-json\/wp\/v2\/media\/192328"}],"wp:attachment":[{"href":"https:\/\/canal7slp.tv\/2026\/wp-json\/wp\/v2\/media?parent=192327"}],"wp:term":[{"taxonomy":"category","embeddable":true,"href":"https:\/\/canal7slp.tv\/2026\/wp-json\/wp\/v2\/categories?post=192327"},{"taxonomy":"post_tag","embeddable":true,"href":"https:\/\/canal7slp.tv\/2026\/wp-json\/wp\/v2\/tags?post=192327"}],"curies":[{"name":"wp","href":"https:\/\/api.w.org\/{rel}","templated":true}]}}