{"id":192321,"date":"2026-02-04T13:38:13","date_gmt":"2026-02-04T19:38:13","guid":{"rendered":"https:\/\/canal7slp.tv\/2026\/?p=192321"},"modified":"2026-02-04T13:39:15","modified_gmt":"2026-02-04T19:39:15","slug":"pemex-defiende-exportaciones-a-cuba-como-contrato-comercial-vigente","status":"publish","type":"post","link":"https:\/\/canal7slp.tv\/2026\/pemex-defiende-exportaciones-a-cuba-como-contrato-comercial-vigente\/","title":{"rendered":"Pemex defiende exportaciones a Cuba como contrato comercial vigente"},"content":{"rendered":"<p style=\"text-align: justify;\">M\u00e9xico.- El director general de Petr\u00f3leos Mexicanos (Pemex), V\u00edctor Rodr\u00edguez Padilla, inform\u00f3 que M\u00e9xico mantiene un contrato comercial abierto para el env\u00edo de crudo a Cuba, el cual represent\u00f3 menos del 1% de la producci\u00f3n total de la empresa durante el \u00faltimo a\u00f1o. El anuncio se realiz\u00f3 el 4 de febrero durante su participaci\u00f3n en <em>La Ma\u00f1anera del Pueblo<\/em>, encabezada por la presidenta Claudia Sheinbaum.<\/p>\n<p style=\"text-align: justify;\">Rodr\u00edguez Padilla detall\u00f3 que las ventas de crudo y petrol\u00edferos a la isla alcanzaron los 496 millones de d\u00f3lares en el \u00faltimo a\u00f1o, un monto que calific\u00f3 como estable y sin impacto relevante en las finanzas de Pemex. Explic\u00f3 que el contrato, vigente desde 2023, es de car\u00e1cter estrictamente comercial y similar a los que la empresa mantiene con m\u00e1s de 50 pa\u00edses.<\/p>\n<p style=\"text-align: justify;\">\u201cEs un contrato normal. Si hay disponibilidad y existe la solicitud, se seguir\u00e1 vendiendo\u201d, afirm\u00f3 el funcionario, al subrayar que el suministro est\u00e1 sujeto tanto a la capacidad operativa de Pemex como a las necesidades espec\u00edficas del comprador.<\/p>\n<p style=\"text-align: justify;\">El director de la petrolera destac\u00f3 que la prioridad de la pol\u00edtica energ\u00e9tica nacional es el procesamiento interno del crudo, lo que ha derivado en una reducci\u00f3n progresiva de las exportaciones. Se\u00f1al\u00f3 que el aumento en la capacidad de refinaci\u00f3n ha permitido destinar una mayor proporci\u00f3n de la producci\u00f3n al mercado interno. \u201cEl petr\u00f3leo que se produce en M\u00e9xico es para beneficio de los mexicanos\u201d, sostuvo.<\/p>\n<p style=\"text-align: justify;\">Asimismo, Rodr\u00edguez Padilla rechaz\u00f3 versiones sobre posibles adeudos por parte del Gobierno cubano y asegur\u00f3 que los pagos se realizan conforme a lo estipulado en el contrato. \u201cNo hay facturas vencidas; Cuba paga en tiempo y forma\u201d, afirm\u00f3.<\/p>\n","protected":false},"excerpt":{"rendered":"<p>M\u00e9xico.- El director general de Petr\u00f3leos Mexicanos (Pemex), V\u00edctor Rodr\u00edguez Padilla, inform\u00f3 que M\u00e9xico mantiene un contrato comercial abierto para el env\u00edo de crudo a Cuba, el cual represent\u00f3 menos del 1% de la producci\u00f3n total de la empresa durante el \u00faltimo a\u00f1o. El anuncio se realiz\u00f3 el 4 de febrero durante su participaci\u00f3n en La Ma\u00f1anera del Pueblo, encabezada por la presidenta Claudia Sheinbaum. Rodr\u00edguez Padilla detall\u00f3 que las ventas de crudo y petrol\u00edferos a la isla alcanzaron los 496 millones de d\u00f3lares en el \u00faltimo a\u00f1o, un monto que calific\u00f3 como estable y sin impacto relevante en las [&hellip;]<\/p>\n","protected":false},"author":2,"featured_media":192322,"comment_status":"closed","ping_status":"closed","sticky":false,"template":"","format":"standard","meta":{"_monsterinsights_skip_tracking":false,"_monsterinsights_sitenote_active":false,"_monsterinsights_sitenote_note":"","_monsterinsights_sitenote_category":0,"footnotes":""},"categories":[40,46],"tags":[],"class_list":["post-192321","post","type-post","status-publish","format-standard","has-post-thumbnail","hentry","category-economia","category-nacional","post--single"],"_links":{"self":[{"href":"https:\/\/canal7slp.tv\/2026\/wp-json\/wp\/v2\/posts\/192321","targetHints":{"allow":["GET"]}}],"collection":[{"href":"https:\/\/canal7slp.tv\/2026\/wp-json\/wp\/v2\/posts"}],"about":[{"href":"https:\/\/canal7slp.tv\/2026\/wp-json\/wp\/v2\/types\/post"}],"author":[{"embeddable":true,"href":"https:\/\/canal7slp.tv\/2026\/wp-json\/wp\/v2\/users\/2"}],"replies":[{"embeddable":true,"href":"https:\/\/canal7slp.tv\/2026\/wp-json\/wp\/v2\/comments?post=192321"}],"version-history":[{"count":1,"href":"https:\/\/canal7slp.tv\/2026\/wp-json\/wp\/v2\/posts\/192321\/revisions"}],"predecessor-version":[{"id":192323,"href":"https:\/\/canal7slp.tv\/2026\/wp-json\/wp\/v2\/posts\/192321\/revisions\/192323"}],"wp:featuredmedia":[{"embeddable":true,"href":"https:\/\/canal7slp.tv\/2026\/wp-json\/wp\/v2\/media\/192322"}],"wp:attachment":[{"href":"https:\/\/canal7slp.tv\/2026\/wp-json\/wp\/v2\/media?parent=192321"}],"wp:term":[{"taxonomy":"category","embeddable":true,"href":"https:\/\/canal7slp.tv\/2026\/wp-json\/wp\/v2\/categories?post=192321"},{"taxonomy":"post_tag","embeddable":true,"href":"https:\/\/canal7slp.tv\/2026\/wp-json\/wp\/v2\/tags?post=192321"}],"curies":[{"name":"wp","href":"https:\/\/api.w.org\/{rel}","templated":true}]}}