{"id":192283,"date":"2026-02-03T19:53:55","date_gmt":"2026-02-04T01:53:55","guid":{"rendered":"https:\/\/canal7slp.tv\/2026\/?p=192283"},"modified":"2026-02-03T19:53:55","modified_gmt":"2026-02-04T01:53:55","slug":"colectivo-voz-y-dignidad-por-los-nuestros-bloquean-la-sede-de-la-fiscalia-especializada-en-derechos-humanos","status":"publish","type":"post","link":"https:\/\/canal7slp.tv\/2026\/colectivo-voz-y-dignidad-por-los-nuestros-bloquean-la-sede-de-la-fiscalia-especializada-en-derechos-humanos\/","title":{"rendered":"Colectivo Voz y Dignidad por los Nuestros bloquean la sede de la Fiscal\u00eda Especializada en Derechos Humanos"},"content":{"rendered":"<p style=\"text-align: justify;\"><span style=\"font-size: 1.21429rem;\">SLP.- Desde la tarde de este lunes integrantes del colectivo Voz y Dignidad Por los Nuestros realizaron un plant\u00f3n frente a la Fiscal\u00eda Espcializada en Derechos Humanos, se\u00f1alar su inconformidad por la destituci\u00f3n de su titular Luz Mar\u00eda Montes Mariano..<\/span><\/p>\n<p style=\"text-align: justify;\">Afirm\u00f3 que este medida es un golpe para las madres que buscan a sus hijos al se\u00f1alar que la funcionaria removida \u201cprobablemente la degradaron porque estaba haciendo bien su trabajo\u201d, al decir tambi\u00e9n que es una muestra del desinter\u00e9s del gobierno estatal en la b\u00fasqueda de personas.<\/p>\n<p style=\"text-align: justify;\">La presidenta del colectivo Voz y Dignidad Por los Nuestros afirm\u00f3 que a la funcionaria destitu\u00edda no se le daban vi\u00e1ticos, ni veh\u00edculos ni polic\u00edas para cumplir con su labor y que adem\u00e1s, nunca se le autoriz\u00f3 realizar una reuni\u00f3n informativa con las madres buscadoras.<\/p>\n<p style=\"text-align: justify;\">Al se\u00f1alar que en lo que va de este a\u00f1o en el estado se han denunciado 35 personas desaparecidas ante esta Fiscal\u00eda dijo tambi\u00e9n que en el 2025, se abrieron m\u00e1s de 3 mil carpetas de investigaci\u00f3n.<\/p>\n<p>Por: Claudio Ibarra<\/p>\n","protected":false},"excerpt":{"rendered":"<p>SLP.- Desde la tarde de este lunes integrantes del colectivo Voz y Dignidad Por los Nuestros realizaron un plant\u00f3n frente a la Fiscal\u00eda Espcializada en Derechos Humanos, se\u00f1alar su inconformidad por la destituci\u00f3n de su titular Luz Mar\u00eda Montes Mariano.. Afirm\u00f3 que este medida es un golpe para las madres que buscan a sus hijos al se\u00f1alar que la funcionaria removida \u201cprobablemente la degradaron porque estaba haciendo bien su trabajo\u201d, al decir tambi\u00e9n que es una muestra del desinter\u00e9s del gobierno estatal en la b\u00fasqueda de personas. La presidenta del colectivo Voz y Dignidad Por los Nuestros afirm\u00f3 que a [&hellip;]<\/p>\n","protected":false},"author":2,"featured_media":192296,"comment_status":"closed","ping_status":"closed","sticky":false,"template":"","format":"video","meta":{"_monsterinsights_skip_tracking":false,"_monsterinsights_sitenote_active":false,"_monsterinsights_sitenote_note":"","_monsterinsights_sitenote_category":0,"footnotes":""},"categories":[5,45],"tags":[],"class_list":["post-192283","post","type-post","status-publish","format-video","has-post-thumbnail","hentry","category-destacadas","category-localesyregionales","post_format-post-format-video","post--single"],"_links":{"self":[{"href":"https:\/\/canal7slp.tv\/2026\/wp-json\/wp\/v2\/posts\/192283","targetHints":{"allow":["GET"]}}],"collection":[{"href":"https:\/\/canal7slp.tv\/2026\/wp-json\/wp\/v2\/posts"}],"about":[{"href":"https:\/\/canal7slp.tv\/2026\/wp-json\/wp\/v2\/types\/post"}],"author":[{"embeddable":true,"href":"https:\/\/canal7slp.tv\/2026\/wp-json\/wp\/v2\/users\/2"}],"replies":[{"embeddable":true,"href":"https:\/\/canal7slp.tv\/2026\/wp-json\/wp\/v2\/comments?post=192283"}],"version-history":[{"count":3,"href":"https:\/\/canal7slp.tv\/2026\/wp-json\/wp\/v2\/posts\/192283\/revisions"}],"predecessor-version":[{"id":192297,"href":"https:\/\/canal7slp.tv\/2026\/wp-json\/wp\/v2\/posts\/192283\/revisions\/192297"}],"wp:featuredmedia":[{"embeddable":true,"href":"https:\/\/canal7slp.tv\/2026\/wp-json\/wp\/v2\/media\/192296"}],"wp:attachment":[{"href":"https:\/\/canal7slp.tv\/2026\/wp-json\/wp\/v2\/media?parent=192283"}],"wp:term":[{"taxonomy":"category","embeddable":true,"href":"https:\/\/canal7slp.tv\/2026\/wp-json\/wp\/v2\/categories?post=192283"},{"taxonomy":"post_tag","embeddable":true,"href":"https:\/\/canal7slp.tv\/2026\/wp-json\/wp\/v2\/tags?post=192283"}],"curies":[{"name":"wp","href":"https:\/\/api.w.org\/{rel}","templated":true}]}}