{"id":192280,"date":"2026-02-04T10:45:36","date_gmt":"2026-02-04T16:45:36","guid":{"rendered":"https:\/\/canal7slp.tv\/2026\/?p=192280"},"modified":"2026-02-03T19:45:43","modified_gmt":"2026-02-04T01:45:43","slug":"llama-el-alcalde-de-soledad-a-parejas-a-regularizar-su-estado-civil-con-el-programa-de-matrimonios-colectivos","status":"publish","type":"post","link":"https:\/\/canal7slp.tv\/2026\/llama-el-alcalde-de-soledad-a-parejas-a-regularizar-su-estado-civil-con-el-programa-de-matrimonios-colectivos\/","title":{"rendered":"Llama el alcalde de Soledad a parejas a regularizar su estado civil con el programa de Matrimonios Colectivos"},"content":{"rendered":"<p style=\"text-align: justify;\"><span style=\"font-size: 1.21429rem;\">SGS.- El ayuntamiento de Soledad de Graciano S\u00e1nchez a trav\u00e9s del DIF municipal hizo un llamado a las parejas a unirse al programa Matrimonios Colectivos 2026, para quienes viviendo en uni\u00f3n libre deseen regularizar su estado civil y tener certeza jur\u00eddica son costo alguno.<\/span><\/p>\n<p style=\"text-align: justify;\">As\u00ed lo dio a conocer el presidente municipal Juan Manuel Navarro al decir que este evento, a realizarse el pr\u00f3ximo 13 de Febrero, busca fomentar la uni\u00f3n familiar.<\/p>\n<p style=\"text-align: justify;\">Se\u00f1al\u00f3 que las parejas interesadas deber\u00e1n inscribirse en cualquiera de las 7 Oficial\u00edas del Registro Civil de este municipio, antes del 11 de febrero.<\/p>\n<p style=\"text-align: justify;\">Asimismo, el alcalde soledense afirm\u00f3 que para este a\u00f1o habr\u00e1 sorpresas para quienes participen en los matrimonios colectivos.<\/p>\n<p>Por: Claudio Ibarra<\/p>\n","protected":false},"excerpt":{"rendered":"<p>SGS.- El ayuntamiento de Soledad de Graciano S\u00e1nchez a trav\u00e9s del DIF municipal hizo un llamado a las parejas a unirse al programa Matrimonios Colectivos 2026, para quienes viviendo en uni\u00f3n libre deseen regularizar su estado civil y tener certeza jur\u00eddica son costo alguno. As\u00ed lo dio a conocer el presidente municipal Juan Manuel Navarro al decir que este evento, a realizarse el pr\u00f3ximo 13 de Febrero, busca fomentar la uni\u00f3n familiar. Se\u00f1al\u00f3 que las parejas interesadas deber\u00e1n inscribirse en cualquiera de las 7 Oficial\u00edas del Registro Civil de este municipio, antes del 11 de febrero. Asimismo, el alcalde soledense [&hellip;]<\/p>\n","protected":false},"author":2,"featured_media":192293,"comment_status":"closed","ping_status":"closed","sticky":false,"template":"","format":"video","meta":{"_monsterinsights_skip_tracking":false,"_monsterinsights_sitenote_active":false,"_monsterinsights_sitenote_note":"","_monsterinsights_sitenote_category":0,"footnotes":""},"categories":[512,5,45],"tags":[],"class_list":["post-192280","post","type-post","status-publish","format-video","has-post-thumbnail","hentry","category-ayosgs","category-destacadas","category-localesyregionales","post_format-post-format-video","post--single"],"_links":{"self":[{"href":"https:\/\/canal7slp.tv\/2026\/wp-json\/wp\/v2\/posts\/192280","targetHints":{"allow":["GET"]}}],"collection":[{"href":"https:\/\/canal7slp.tv\/2026\/wp-json\/wp\/v2\/posts"}],"about":[{"href":"https:\/\/canal7slp.tv\/2026\/wp-json\/wp\/v2\/types\/post"}],"author":[{"embeddable":true,"href":"https:\/\/canal7slp.tv\/2026\/wp-json\/wp\/v2\/users\/2"}],"replies":[{"embeddable":true,"href":"https:\/\/canal7slp.tv\/2026\/wp-json\/wp\/v2\/comments?post=192280"}],"version-history":[{"count":2,"href":"https:\/\/canal7slp.tv\/2026\/wp-json\/wp\/v2\/posts\/192280\/revisions"}],"predecessor-version":[{"id":192294,"href":"https:\/\/canal7slp.tv\/2026\/wp-json\/wp\/v2\/posts\/192280\/revisions\/192294"}],"wp:featuredmedia":[{"embeddable":true,"href":"https:\/\/canal7slp.tv\/2026\/wp-json\/wp\/v2\/media\/192293"}],"wp:attachment":[{"href":"https:\/\/canal7slp.tv\/2026\/wp-json\/wp\/v2\/media?parent=192280"}],"wp:term":[{"taxonomy":"category","embeddable":true,"href":"https:\/\/canal7slp.tv\/2026\/wp-json\/wp\/v2\/categories?post=192280"},{"taxonomy":"post_tag","embeddable":true,"href":"https:\/\/canal7slp.tv\/2026\/wp-json\/wp\/v2\/tags?post=192280"}],"curies":[{"name":"wp","href":"https:\/\/api.w.org\/{rel}","templated":true}]}}