{"id":192259,"date":"2026-02-03T19:37:51","date_gmt":"2026-02-04T01:37:51","guid":{"rendered":"https:\/\/canal7slp.tv\/2026\/?p=192259"},"modified":"2026-02-03T19:37:51","modified_gmt":"2026-02-04T01:37:51","slug":"pvem-y-morena-van-juntos-en-slp-en-el-proceso-electoral-2027-ricardo-gallardo","status":"publish","type":"post","link":"https:\/\/canal7slp.tv\/2026\/pvem-y-morena-van-juntos-en-slp-en-el-proceso-electoral-2027-ricardo-gallardo\/","title":{"rendered":"PVEM y MORENA van juntos en SLP en el proceso electoral 2027: Ricardo Gallardo"},"content":{"rendered":"<p style=\"text-align: justify;\"><span style=\"font-size: 1.21429rem;\">SLP.- El Partido Verde Ecologista de M\u00e9xico y MORENA ir\u00e1n en alianza en la entidad durante el proceso electoral 2027, indic\u00f3 el gobernador de San Luis Potos\u00ed, Jos\u00e9 Ricardo Gallardo Cardona.<\/span><\/p>\n<p style=\"text-align: justify;\">\u201cNosotros ya dialogamos, platicamos en trabajar de la mano, vamos a trabajar por San Luis Potos\u00ed, por encima de cualquier conveniencia pol\u00edtica electoral, tenemos que privilegiar a San Luis Potos\u00ed, as\u00ed lo vamos a hacer\u201d.<\/p>\n<p style=\"text-align: justify;\">Y es que en fechas recientes, el mandatario public\u00f3 una fotograf\u00eda en sus redes sociales en compa\u00f1\u00eda de la presidenta del Consejo Ejecutivo Estatal de MORENA, Rita Ozalia Rodr\u00edguez Vel\u00e1zquez.<\/p>\n<p style=\"text-align: justify;\">Gallardo Cardona asever\u00f3 por igual que se respetar\u00e1 la indicaci\u00f3n que se dio desde la c\u00fapula nacional.<\/p>\n<p>\u201cHay una l\u00ednea nacional e ir en coalici\u00f3n y vamos a acatar las instrucciones, nada m\u00e1s es ponernos de acuerdo en algunas posiciones y no vamos a tener ning\u00fan problema\u201d.<\/p>\n<p style=\"text-align: justify;\">Durante el proceso electoral anterior, el Verde y MORENA tambi\u00e9n se organizaron en alianza en lo local, sin embargo, en varias ocasiones los militantes pelearon incluso a golpes.<\/p>\n<p style=\"text-align: justify;\">\u201cLos militantes tiene que entender que primero est\u00e1 San Luis Potos\u00ed, que San Luis Potos\u00ed est\u00e1 por encima de cualquier inter\u00e9s particular o de cualquier simpatizante que quiera o busque romper coaliciones\u201d.<\/p>\n<p style=\"text-align: justify;\">Para culminar, reiter\u00f3 que a pesar de cualquier tema externo o interno, el Verde y MORENA har\u00e1n dupla.<\/p>\n<p style=\"text-align: justify;\">\u201cYo lo he dicho y hemos sido claros, estamos listos en ir en una gran coalici\u00f3n y vamos a ir, no veos porque no\u201d.<\/p>\n<p>Por: Juan Carlos Contreras<\/p>\n","protected":false},"excerpt":{"rendered":"<p>SLP.- El Partido Verde Ecologista de M\u00e9xico y MORENA ir\u00e1n en alianza en la entidad durante el proceso electoral 2027, indic\u00f3 el gobernador de San Luis Potos\u00ed, Jos\u00e9 Ricardo Gallardo Cardona. \u201cNosotros ya dialogamos, platicamos en trabajar de la mano, vamos a trabajar por San Luis Potos\u00ed, por encima de cualquier conveniencia pol\u00edtica electoral, tenemos que privilegiar a San Luis Potos\u00ed, as\u00ed lo vamos a hacer\u201d. Y es que en fechas recientes, el mandatario public\u00f3 una fotograf\u00eda en sus redes sociales en compa\u00f1\u00eda de la presidenta del Consejo Ejecutivo Estatal de MORENA, Rita Ozalia Rodr\u00edguez Vel\u00e1zquez. Gallardo Cardona asever\u00f3 por [&hellip;]<\/p>\n","protected":false},"author":2,"featured_media":192271,"comment_status":"closed","ping_status":"closed","sticky":false,"template":"","format":"video","meta":{"_monsterinsights_skip_tracking":false,"_monsterinsights_sitenote_active":false,"_monsterinsights_sitenote_note":"","_monsterinsights_sitenote_category":0,"footnotes":""},"categories":[5,45],"tags":[],"class_list":["post-192259","post","type-post","status-publish","format-video","has-post-thumbnail","hentry","category-destacadas","category-localesyregionales","post_format-post-format-video","post--single"],"_links":{"self":[{"href":"https:\/\/canal7slp.tv\/2026\/wp-json\/wp\/v2\/posts\/192259","targetHints":{"allow":["GET"]}}],"collection":[{"href":"https:\/\/canal7slp.tv\/2026\/wp-json\/wp\/v2\/posts"}],"about":[{"href":"https:\/\/canal7slp.tv\/2026\/wp-json\/wp\/v2\/types\/post"}],"author":[{"embeddable":true,"href":"https:\/\/canal7slp.tv\/2026\/wp-json\/wp\/v2\/users\/2"}],"replies":[{"embeddable":true,"href":"https:\/\/canal7slp.tv\/2026\/wp-json\/wp\/v2\/comments?post=192259"}],"version-history":[{"count":3,"href":"https:\/\/canal7slp.tv\/2026\/wp-json\/wp\/v2\/posts\/192259\/revisions"}],"predecessor-version":[{"id":192272,"href":"https:\/\/canal7slp.tv\/2026\/wp-json\/wp\/v2\/posts\/192259\/revisions\/192272"}],"wp:featuredmedia":[{"embeddable":true,"href":"https:\/\/canal7slp.tv\/2026\/wp-json\/wp\/v2\/media\/192271"}],"wp:attachment":[{"href":"https:\/\/canal7slp.tv\/2026\/wp-json\/wp\/v2\/media?parent=192259"}],"wp:term":[{"taxonomy":"category","embeddable":true,"href":"https:\/\/canal7slp.tv\/2026\/wp-json\/wp\/v2\/categories?post=192259"},{"taxonomy":"post_tag","embeddable":true,"href":"https:\/\/canal7slp.tv\/2026\/wp-json\/wp\/v2\/tags?post=192259"}],"curies":[{"name":"wp","href":"https:\/\/api.w.org\/{rel}","templated":true}]}}