{"id":192249,"date":"2026-02-03T17:01:21","date_gmt":"2026-02-03T23:01:21","guid":{"rendered":"https:\/\/canal7slp.tv\/2026\/?p=192249"},"modified":"2026-02-03T17:01:21","modified_gmt":"2026-02-03T23:01:21","slug":"detienen-a-el-compa-guero-operador-clave-de-los-chapitos-por-ataque-a-legisladores-de-mc","status":"publish","type":"post","link":"https:\/\/canal7slp.tv\/2026\/detienen-a-el-compa-guero-operador-clave-de-los-chapitos-por-ataque-a-legisladores-de-mc\/","title":{"rendered":"Detienen a \u00abEl Compa G\u00fcero\u00bb, operador clave de \u201cLos Chapitos\u201d, por ataque a legisladores de MC"},"content":{"rendered":"<p style=\"text-align: justify;\">M\u00e9xico.- Omar Garc\u00eda Harfuch, secretario de Seguridad y Protecci\u00f3n Ciudadana, anunci\u00f3 la detenci\u00f3n de un individuo implicado en el ataque a los diputados de Movimiento Ciudadano en Sinaloa, Sergio Torres y Elizabeth Montoya, ocurrido el 28 de enero. El detenido, identificado como Jes\u00fas Emir \u201cN\u201d, tambi\u00e9n conocido como el Compa G\u00fcero o Radio 13, es un operador del C\u00e1rtel de Sinaloa, espec\u00edficamente de la facci\u00f3n conocida como Los Chapitos.<\/p>\n<p style=\"text-align: justify;\">Garc\u00eda Harfuch detall\u00f3 que el Compa G\u00fcero era responsable de controlar las comunicaciones, instalar c\u00e1maras para monitorear los movimientos de las autoridades y adquirir drones para la c\u00e9lula criminal. La detenci\u00f3n se llev\u00f3 a cabo con la colaboraci\u00f3n de la Secretar\u00eda de la Defensa Nacional, la SSPC y la Agencia de Investigaci\u00f3n Criminal de la Fiscal\u00eda General de la Rep\u00fablica.<\/p>\n<p style=\"text-align: justify;\">El secretario de Seguridad subray\u00f3 que las investigaciones siguen en curso para identificar y detener a todos los involucrados en este ataque, asegurando que se har\u00e1 justicia conforme a las instrucciones de la presidenta Claudia Sheinbaum. El ataque a los legisladores locales se registr\u00f3 en Culiac\u00e1n, Sinaloa, y se atribuye a una facci\u00f3n de Los Chapitos, vinculada al C\u00e1rtel de Sinaloa.<\/p>\n<p style=\"text-align: justify;\">Garc\u00eda Harfuch confirm\u00f3 que se est\u00e1 trabajando en conjunto con el gabinete de seguridad y que se proporcionar\u00e1n avances sobre la situaci\u00f3n en breve. En respuesta a la violencia, un d\u00eda despu\u00e9s del ataque, la Secretar\u00eda de la Defensa Nacional envi\u00f3 mil 600 militares a Sinaloa para reforzar la seguridad en la regi\u00f3n.<\/p>\n<p style=\"text-align: justify;\">Sinaloa ha enfrentado una crisis de violencia desde septiembre de 2024, resultado de una lucha interna entre las organizaciones criminales Los Chapitos y Los Mayos, desencadenada por la detenci\u00f3n de los narcotraficantes Ismael Mayo Zambada y Joaqu\u00edn Guzm\u00e1n L\u00f3pez en un aeropuerto de Nuevo M\u00e9xico, Estados Unidos, en julio del mismo a\u00f1o.<\/p>\n<p style=\"text-align: justify;\">\n","protected":false},"excerpt":{"rendered":"<p>M\u00e9xico.- Omar Garc\u00eda Harfuch, secretario de Seguridad y Protecci\u00f3n Ciudadana, anunci\u00f3 la detenci\u00f3n de un individuo implicado en el ataque a los diputados de Movimiento Ciudadano en Sinaloa, Sergio Torres y Elizabeth Montoya, ocurrido el 28 de enero. El detenido, identificado como Jes\u00fas Emir \u201cN\u201d, tambi\u00e9n conocido como el Compa G\u00fcero o Radio 13, es un operador del C\u00e1rtel de Sinaloa, espec\u00edficamente de la facci\u00f3n conocida como Los Chapitos. Garc\u00eda Harfuch detall\u00f3 que el Compa G\u00fcero era responsable de controlar las comunicaciones, instalar c\u00e1maras para monitorear los movimientos de las autoridades y adquirir drones para la c\u00e9lula criminal. La detenci\u00f3n [&hellip;]<\/p>\n","protected":false},"author":2,"featured_media":192250,"comment_status":"closed","ping_status":"closed","sticky":false,"template":"","format":"standard","meta":{"_monsterinsights_skip_tracking":false,"_monsterinsights_sitenote_active":false,"_monsterinsights_sitenote_note":"","_monsterinsights_sitenote_category":0,"footnotes":""},"categories":[46],"tags":[],"class_list":["post-192249","post","type-post","status-publish","format-standard","has-post-thumbnail","hentry","category-nacional","post--single"],"_links":{"self":[{"href":"https:\/\/canal7slp.tv\/2026\/wp-json\/wp\/v2\/posts\/192249","targetHints":{"allow":["GET"]}}],"collection":[{"href":"https:\/\/canal7slp.tv\/2026\/wp-json\/wp\/v2\/posts"}],"about":[{"href":"https:\/\/canal7slp.tv\/2026\/wp-json\/wp\/v2\/types\/post"}],"author":[{"embeddable":true,"href":"https:\/\/canal7slp.tv\/2026\/wp-json\/wp\/v2\/users\/2"}],"replies":[{"embeddable":true,"href":"https:\/\/canal7slp.tv\/2026\/wp-json\/wp\/v2\/comments?post=192249"}],"version-history":[{"count":2,"href":"https:\/\/canal7slp.tv\/2026\/wp-json\/wp\/v2\/posts\/192249\/revisions"}],"predecessor-version":[{"id":192252,"href":"https:\/\/canal7slp.tv\/2026\/wp-json\/wp\/v2\/posts\/192249\/revisions\/192252"}],"wp:featuredmedia":[{"embeddable":true,"href":"https:\/\/canal7slp.tv\/2026\/wp-json\/wp\/v2\/media\/192250"}],"wp:attachment":[{"href":"https:\/\/canal7slp.tv\/2026\/wp-json\/wp\/v2\/media?parent=192249"}],"wp:term":[{"taxonomy":"category","embeddable":true,"href":"https:\/\/canal7slp.tv\/2026\/wp-json\/wp\/v2\/categories?post=192249"},{"taxonomy":"post_tag","embeddable":true,"href":"https:\/\/canal7slp.tv\/2026\/wp-json\/wp\/v2\/tags?post=192249"}],"curies":[{"name":"wp","href":"https:\/\/api.w.org\/{rel}","templated":true}]}}