{"id":192243,"date":"2026-02-03T15:18:38","date_gmt":"2026-02-03T21:18:38","guid":{"rendered":"https:\/\/canal7slp.tv\/2026\/?p=192243"},"modified":"2026-02-03T15:18:38","modified_gmt":"2026-02-03T21:18:38","slug":"colectivos-de-busqueda-hallan-nueva-fosa-clandestina-en-bcs","status":"publish","type":"post","link":"https:\/\/canal7slp.tv\/2026\/colectivos-de-busqueda-hallan-nueva-fosa-clandestina-en-bcs\/","title":{"rendered":"Colectivos de b\u00fasqueda hallan nueva fosa clandestina en BCS"},"content":{"rendered":"<p style=\"text-align: justify;\">San Juan de la Costa.- Familiares de personas desaparecidas en Baja California Sur reportaron el hallazgo de una fosa clandestina que conten\u00eda dos restos \u00f3seos humanos durante una jornada de b\u00fasqueda en el municipio de La Paz. El Colectivo B\u00fasquedas por La Paz inform\u00f3 que las labores se realizaron el fin de semana en la comunidad de San Juan de la Costa, donde se identific\u00f3 un predio con indicios de la presencia de restos humanos.<\/p>\n<p style=\"text-align: justify;\">El domingo, un grupo de rastreo, compuesto por personal de la Comisi\u00f3n Estatal de B\u00fasqueda de Personas y familiares de desaparecidos, localiz\u00f3 la fosa y notific\u00f3 a la Procuradur\u00eda General de Justicia del Estado (PGJE). Al llegar al lugar, las autoridades acordonaron el \u00e1rea para iniciar el procesamiento, que se extendi\u00f3 hasta el lunes e involucr\u00f3 a criminalistas de campo y a la Fiscal\u00eda Especializada en Investigaci\u00f3n de Personas Desaparecidas.<\/p>\n<p style=\"text-align: justify;\">Seg\u00fan el reporte del colectivo, la fosa tiene una profundidad aproximada de 1.30 metros y en su interior se encontraron dos osamentas humanas, que preliminarmente corresponder\u00edan a personas del sexo masculino. La seguridad perimetral estuvo a cargo de elementos de la Guardia Nacional y de la Secretar\u00eda de Marina mientras se llevaban a cabo los trabajos t\u00e9cnicos en el sitio.<\/p>\n<p style=\"text-align: justify;\">Los integrantes de B\u00fasqueda x La Paz se\u00f1alaron que, una vez finalizado el an\u00e1lisis forense, se podr\u00e1 determinar si los restos corresponden a uno o m\u00e1s individuos y se establecer\u00e1n caracter\u00edsticas que faciliten su identificaci\u00f3n. Adem\u00e1s, informaron que los familiares de personas desaparecidas pueden solicitar detalles sobre las vestimentas y otros indicios encontrados a trav\u00e9s de los canales habilitados por el colectivo.<\/p>\n","protected":false},"excerpt":{"rendered":"<p>San Juan de la Costa.- Familiares de personas desaparecidas en Baja California Sur reportaron el hallazgo de una fosa clandestina que conten\u00eda dos restos \u00f3seos humanos durante una jornada de b\u00fasqueda en el municipio de La Paz. El Colectivo B\u00fasquedas por La Paz inform\u00f3 que las labores se realizaron el fin de semana en la comunidad de San Juan de la Costa, donde se identific\u00f3 un predio con indicios de la presencia de restos humanos. El domingo, un grupo de rastreo, compuesto por personal de la Comisi\u00f3n Estatal de B\u00fasqueda de Personas y familiares de desaparecidos, localiz\u00f3 la fosa y [&hellip;]<\/p>\n","protected":false},"author":2,"featured_media":192244,"comment_status":"closed","ping_status":"closed","sticky":false,"template":"","format":"standard","meta":{"_monsterinsights_skip_tracking":false,"_monsterinsights_sitenote_active":false,"_monsterinsights_sitenote_note":"","_monsterinsights_sitenote_category":0,"footnotes":""},"categories":[46],"tags":[],"class_list":["post-192243","post","type-post","status-publish","format-standard","has-post-thumbnail","hentry","category-nacional","post--single"],"_links":{"self":[{"href":"https:\/\/canal7slp.tv\/2026\/wp-json\/wp\/v2\/posts\/192243","targetHints":{"allow":["GET"]}}],"collection":[{"href":"https:\/\/canal7slp.tv\/2026\/wp-json\/wp\/v2\/posts"}],"about":[{"href":"https:\/\/canal7slp.tv\/2026\/wp-json\/wp\/v2\/types\/post"}],"author":[{"embeddable":true,"href":"https:\/\/canal7slp.tv\/2026\/wp-json\/wp\/v2\/users\/2"}],"replies":[{"embeddable":true,"href":"https:\/\/canal7slp.tv\/2026\/wp-json\/wp\/v2\/comments?post=192243"}],"version-history":[{"count":1,"href":"https:\/\/canal7slp.tv\/2026\/wp-json\/wp\/v2\/posts\/192243\/revisions"}],"predecessor-version":[{"id":192245,"href":"https:\/\/canal7slp.tv\/2026\/wp-json\/wp\/v2\/posts\/192243\/revisions\/192245"}],"wp:featuredmedia":[{"embeddable":true,"href":"https:\/\/canal7slp.tv\/2026\/wp-json\/wp\/v2\/media\/192244"}],"wp:attachment":[{"href":"https:\/\/canal7slp.tv\/2026\/wp-json\/wp\/v2\/media?parent=192243"}],"wp:term":[{"taxonomy":"category","embeddable":true,"href":"https:\/\/canal7slp.tv\/2026\/wp-json\/wp\/v2\/categories?post=192243"},{"taxonomy":"post_tag","embeddable":true,"href":"https:\/\/canal7slp.tv\/2026\/wp-json\/wp\/v2\/tags?post=192243"}],"curies":[{"name":"wp","href":"https:\/\/api.w.org\/{rel}","templated":true}]}}