{"id":192227,"date":"2026-02-03T14:51:12","date_gmt":"2026-02-03T20:51:12","guid":{"rendered":"https:\/\/canal7slp.tv\/2026\/?p=192227"},"modified":"2026-02-03T14:51:12","modified_gmt":"2026-02-03T20:51:12","slug":"surgen-los-representantes-de-ciclismo-para-el-selectivo-nacional","status":"publish","type":"post","link":"https:\/\/canal7slp.tv\/2026\/surgen-los-representantes-de-ciclismo-para-el-selectivo-nacional\/","title":{"rendered":"Surgen los representantes de Ciclismo para el Selectivo Nacional"},"content":{"rendered":"<p style=\"text-align: justify;\">SLP.- Se realiz\u00f3 el Selectivo Estatal de Ciclismo rumbo al Selectivo Nacional 2026, el cual se desarrollara en el estado de Jalisco, con la participaci\u00f3n de los mejores exponentes del ciclismo local en busca de su pase a la siguiente fase.<\/p>\n<p style=\"text-align: justify;\">Por lo que despu\u00e9s de la jornada intensa quedaron definidos los ciclistas que representar\u00e1n al estado en el proceso nacional, destacando diversas categor\u00edas tanto en la rama varonil como femenil.<\/p>\n<p style=\"text-align: justify;\">En la categor\u00eda Sub 22 Varonil, los clasificados fueron Gerardo Prado Morales y Erik Santiago Ram\u00edrez Gonz\u00e1lez, mientras que en la categor\u00eda Sub 22 Femenil lograron su pase Adelaida Belmontes Rodr\u00edguez y Michelle Danae Hern\u00e1ndez Silva.<\/p>\n<p style=\"text-align: justify;\">Por su parte, en la categor\u00eda Junior Varonil obtuvieron la clasificaci\u00f3n Juan Pablo Rodr\u00edguez Moreno y Jaime Insa Fern\u00e1ndez, en tanto que en la rama Junior Femenil la ciclista clasificada fue Vanessa Guadalupe Reyes Nuncio.<\/p>\n<p style=\"text-align: justify;\">En la categor\u00eda Cadetes Varonil, Karol Miguel Rivera y Jhael Josef Almaz\u00e1n Medina, mientras que en la categor\u00eda Cadetes Femenil aseguraron su lugar Jimena M\u00e9ndez S\u00e1nchez y Georgina Posadas.<\/p>\n","protected":false},"excerpt":{"rendered":"<p>SLP.- Se realiz\u00f3 el Selectivo Estatal de Ciclismo rumbo al Selectivo Nacional 2026, el cual se desarrollara en el estado de Jalisco, con la participaci\u00f3n de los mejores exponentes del ciclismo local en busca de su pase a la siguiente fase. Por lo que despu\u00e9s de la jornada intensa quedaron definidos los ciclistas que representar\u00e1n al estado en el proceso nacional, destacando diversas categor\u00edas tanto en la rama varonil como femenil. En la categor\u00eda Sub 22 Varonil, los clasificados fueron Gerardo Prado Morales y Erik Santiago Ram\u00edrez Gonz\u00e1lez, mientras que en la categor\u00eda Sub 22 Femenil lograron su pase Adelaida [&hellip;]<\/p>\n","protected":false},"author":2,"featured_media":192229,"comment_status":"closed","ping_status":"closed","sticky":false,"template":"","format":"video","meta":{"_monsterinsights_skip_tracking":false,"_monsterinsights_sitenote_active":false,"_monsterinsights_sitenote_note":"","_monsterinsights_sitenote_category":0,"footnotes":""},"categories":[7,5],"tags":[],"class_list":["post-192227","post","type-post","status-publish","format-video","has-post-thumbnail","hentry","category-deportes","category-destacadas","post_format-post-format-video","post--single"],"_links":{"self":[{"href":"https:\/\/canal7slp.tv\/2026\/wp-json\/wp\/v2\/posts\/192227","targetHints":{"allow":["GET"]}}],"collection":[{"href":"https:\/\/canal7slp.tv\/2026\/wp-json\/wp\/v2\/posts"}],"about":[{"href":"https:\/\/canal7slp.tv\/2026\/wp-json\/wp\/v2\/types\/post"}],"author":[{"embeddable":true,"href":"https:\/\/canal7slp.tv\/2026\/wp-json\/wp\/v2\/users\/2"}],"replies":[{"embeddable":true,"href":"https:\/\/canal7slp.tv\/2026\/wp-json\/wp\/v2\/comments?post=192227"}],"version-history":[{"count":2,"href":"https:\/\/canal7slp.tv\/2026\/wp-json\/wp\/v2\/posts\/192227\/revisions"}],"predecessor-version":[{"id":192231,"href":"https:\/\/canal7slp.tv\/2026\/wp-json\/wp\/v2\/posts\/192227\/revisions\/192231"}],"wp:featuredmedia":[{"embeddable":true,"href":"https:\/\/canal7slp.tv\/2026\/wp-json\/wp\/v2\/media\/192229"}],"wp:attachment":[{"href":"https:\/\/canal7slp.tv\/2026\/wp-json\/wp\/v2\/media?parent=192227"}],"wp:term":[{"taxonomy":"category","embeddable":true,"href":"https:\/\/canal7slp.tv\/2026\/wp-json\/wp\/v2\/categories?post=192227"},{"taxonomy":"post_tag","embeddable":true,"href":"https:\/\/canal7slp.tv\/2026\/wp-json\/wp\/v2\/tags?post=192227"}],"curies":[{"name":"wp","href":"https:\/\/api.w.org\/{rel}","templated":true}]}}