{"id":192220,"date":"2026-02-03T14:26:49","date_gmt":"2026-02-03T20:26:49","guid":{"rendered":"https:\/\/canal7slp.tv\/2026\/?p=192220"},"modified":"2026-02-03T14:26:49","modified_gmt":"2026-02-03T20:26:49","slug":"trump-conmemora-la-guerra-contra-mexico","status":"publish","type":"post","link":"https:\/\/canal7slp.tv\/2026\/trump-conmemora-la-guerra-contra-mexico\/","title":{"rendered":"Trump conmemora la guerra contra M\u00e9xico"},"content":{"rendered":"<p style=\"text-align: justify;\">EEUU.- El presidente de Estados Unidos, Donald Trump, emiti\u00f3 un comunicado para conmemorar el 178 aniversario de la guerra entre Estados Unidos y M\u00e9xico (1846-1848), conflicto que calific\u00f3 como una \u201cvictoria legendaria\u201d para su pa\u00eds y que deriv\u00f3 en la p\u00e9rdida de cerca de la mitad del territorio mexicano. La declaraci\u00f3n resulta inusual, ya que hist\u00f3ricamente el gobierno estadounidense no hab\u00eda celebrado esta fecha de manera oficial.<\/p>\n<p style=\"text-align: justify;\">En su mensaje, Trump record\u00f3 las campa\u00f1as militares en California y Nuevo M\u00e9xico, entonces territorios mexicanos, as\u00ed como la toma de la Ciudad de M\u00e9xico en septiembre de 1847. Se\u00f1al\u00f3 que estos hechos fueron decisivos para la firma del Tratado de Guadalupe Hidalgo, el 2 de febrero de 1848, acuerdo mediante el cual M\u00e9xico cedi\u00f3 aproximadamente 55 % de su territorio previo a la guerra.<\/p>\n<p style=\"text-align: justify;\">El mandatario vincul\u00f3 esta conmemoraci\u00f3n hist\u00f3rica con su actual pol\u00edtica de seguridad en la frontera sur, donde ha intensificado acciones contra la inmigraci\u00f3n irregular y el tr\u00e1fico de drogas. Afirm\u00f3 que su estrategia est\u00e1 \u201cguiada\u201d por aquella victoria del siglo XIX.<\/p>\n<p style=\"text-align: justify;\">Asimismo, destac\u00f3 los que calific\u00f3 como \u201cacuerdos comerciales hist\u00f3ricos\u201d con pa\u00edses como El Salvador, Argentina, Ecuador y Guatemala, con el objetivo de fortalecer la influencia de Estados Unidos en la regi\u00f3n y frenar el avance de China, particularmente en torno al Canal de Panam\u00e1.<\/p>\n<p style=\"text-align: justify;\">Trump tambi\u00e9n aludi\u00f3 a la Doctrina Monroe, proclamada en 1823 por el entonces presidente James Monroe, resumida en la consigna \u201cAm\u00e9rica para los americanos\u201d y orientada a rechazar la intervenci\u00f3n europea en el continente.<\/p>\n","protected":false},"excerpt":{"rendered":"<p>EEUU.- El presidente de Estados Unidos, Donald Trump, emiti\u00f3 un comunicado para conmemorar el 178 aniversario de la guerra entre Estados Unidos y M\u00e9xico (1846-1848), conflicto que calific\u00f3 como una \u201cvictoria legendaria\u201d para su pa\u00eds y que deriv\u00f3 en la p\u00e9rdida de cerca de la mitad del territorio mexicano. La declaraci\u00f3n resulta inusual, ya que hist\u00f3ricamente el gobierno estadounidense no hab\u00eda celebrado esta fecha de manera oficial. En su mensaje, Trump record\u00f3 las campa\u00f1as militares en California y Nuevo M\u00e9xico, entonces territorios mexicanos, as\u00ed como la toma de la Ciudad de M\u00e9xico en septiembre de 1847. Se\u00f1al\u00f3 que estos hechos [&hellip;]<\/p>\n","protected":false},"author":2,"featured_media":192221,"comment_status":"closed","ping_status":"closed","sticky":false,"template":"","format":"standard","meta":{"_monsterinsights_skip_tracking":false,"_monsterinsights_sitenote_active":false,"_monsterinsights_sitenote_note":"","_monsterinsights_sitenote_category":0,"footnotes":""},"categories":[44],"tags":[],"class_list":["post-192220","post","type-post","status-publish","format-standard","has-post-thumbnail","hentry","category-internacional","post--single"],"_links":{"self":[{"href":"https:\/\/canal7slp.tv\/2026\/wp-json\/wp\/v2\/posts\/192220","targetHints":{"allow":["GET"]}}],"collection":[{"href":"https:\/\/canal7slp.tv\/2026\/wp-json\/wp\/v2\/posts"}],"about":[{"href":"https:\/\/canal7slp.tv\/2026\/wp-json\/wp\/v2\/types\/post"}],"author":[{"embeddable":true,"href":"https:\/\/canal7slp.tv\/2026\/wp-json\/wp\/v2\/users\/2"}],"replies":[{"embeddable":true,"href":"https:\/\/canal7slp.tv\/2026\/wp-json\/wp\/v2\/comments?post=192220"}],"version-history":[{"count":2,"href":"https:\/\/canal7slp.tv\/2026\/wp-json\/wp\/v2\/posts\/192220\/revisions"}],"predecessor-version":[{"id":192223,"href":"https:\/\/canal7slp.tv\/2026\/wp-json\/wp\/v2\/posts\/192220\/revisions\/192223"}],"wp:featuredmedia":[{"embeddable":true,"href":"https:\/\/canal7slp.tv\/2026\/wp-json\/wp\/v2\/media\/192221"}],"wp:attachment":[{"href":"https:\/\/canal7slp.tv\/2026\/wp-json\/wp\/v2\/media?parent=192220"}],"wp:term":[{"taxonomy":"category","embeddable":true,"href":"https:\/\/canal7slp.tv\/2026\/wp-json\/wp\/v2\/categories?post=192220"},{"taxonomy":"post_tag","embeddable":true,"href":"https:\/\/canal7slp.tv\/2026\/wp-json\/wp\/v2\/tags?post=192220"}],"curies":[{"name":"wp","href":"https:\/\/api.w.org\/{rel}","templated":true}]}}