{"id":192162,"date":"2026-02-02T17:55:00","date_gmt":"2026-02-02T23:55:00","guid":{"rendered":"https:\/\/canal7slp.tv\/2026\/?p=192162"},"modified":"2026-02-02T17:55:00","modified_gmt":"2026-02-02T23:55:00","slug":"el-sistema-dif-municipal-de-la-capital-presenta-el-compendio-discapacidad-y-sociedad-un-enfoque-actual","status":"publish","type":"post","link":"https:\/\/canal7slp.tv\/2026\/el-sistema-dif-municipal-de-la-capital-presenta-el-compendio-discapacidad-y-sociedad-un-enfoque-actual\/","title":{"rendered":"El Sistema DIF municipal de la capital presenta el compendio \u201cDiscapacidad y Sociedad: un Enfoque Actual\u201d"},"content":{"rendered":"<p style=\"text-align: justify;\"><span style=\"font-size: 1.21429rem;\">SLP.- Como parte de las acciones municipales de este 2026 fue presentado el compendio \u201cDiscapacidad y Sociedad: un Enfoque Actual\u201d, en donde la presidenta del Sistema DIF municipal de la capital, Estela Arriaga, destac\u00f3 que el objetivo es visibilizar la importancia de la inclusi\u00f3n, y fortalecer el reconocimiento de los derechos de las personas con discapacidad.<\/span><\/p>\n<p style=\"text-align: justify;\">En este contexto, se\u00f1al\u00f3 que a nivel mundial se tiene un registro de mil millones de personas con alg\u00fan tipo de discapacidad y en M\u00e9xico, de una poblaci\u00f3n de m\u00e1s de 130 millones de personas 9 millones 500 mil presentan discapacidad motriz, visual, auditiva y cognitiva en ese orden.<\/p>\n<p style=\"text-align: justify;\">En su intervenci\u00f3n el presidente municipal Enrique Galindo Ceballos se\u00f1al\u00f3 que este compendio est\u00e1 orientado a cambiar la percepci\u00f3n de la discapacidad, enfocado tambi\u00e9n en los derechos humanos y la responsabilidad social.<\/p>\n<p style=\"text-align: justify;\">Dijo tambi\u00e9n que se aborda desde una perspectiva de no solo eliminar las barreras f\u00edsicas sino de actitud en el tema de la discapacidad.<\/p>\n<p>Por: Claudio Ibarra<\/p>\n","protected":false},"excerpt":{"rendered":"<p>SLP.- Como parte de las acciones municipales de este 2026 fue presentado el compendio \u201cDiscapacidad y Sociedad: un Enfoque Actual\u201d, en donde la presidenta del Sistema DIF municipal de la capital, Estela Arriaga, destac\u00f3 que el objetivo es visibilizar la importancia de la inclusi\u00f3n, y fortalecer el reconocimiento de los derechos de las personas con discapacidad. En este contexto, se\u00f1al\u00f3 que a nivel mundial se tiene un registro de mil millones de personas con alg\u00fan tipo de discapacidad y en M\u00e9xico, de una poblaci\u00f3n de m\u00e1s de 130 millones de personas 9 millones 500 mil presentan discapacidad motriz, visual, auditiva [&hellip;]<\/p>\n","protected":false},"author":2,"featured_media":192173,"comment_status":"closed","ping_status":"closed","sticky":false,"template":"","format":"video","meta":{"_monsterinsights_skip_tracking":false,"_monsterinsights_sitenote_active":false,"_monsterinsights_sitenote_note":"","_monsterinsights_sitenote_category":0,"footnotes":""},"categories":[66,5,45],"tags":[],"class_list":["post-192162","post","type-post","status-publish","format-video","has-post-thumbnail","hentry","category-ayoslp","category-destacadas","category-localesyregionales","post_format-post-format-video","post--single"],"_links":{"self":[{"href":"https:\/\/canal7slp.tv\/2026\/wp-json\/wp\/v2\/posts\/192162","targetHints":{"allow":["GET"]}}],"collection":[{"href":"https:\/\/canal7slp.tv\/2026\/wp-json\/wp\/v2\/posts"}],"about":[{"href":"https:\/\/canal7slp.tv\/2026\/wp-json\/wp\/v2\/types\/post"}],"author":[{"embeddable":true,"href":"https:\/\/canal7slp.tv\/2026\/wp-json\/wp\/v2\/users\/2"}],"replies":[{"embeddable":true,"href":"https:\/\/canal7slp.tv\/2026\/wp-json\/wp\/v2\/comments?post=192162"}],"version-history":[{"count":2,"href":"https:\/\/canal7slp.tv\/2026\/wp-json\/wp\/v2\/posts\/192162\/revisions"}],"predecessor-version":[{"id":192174,"href":"https:\/\/canal7slp.tv\/2026\/wp-json\/wp\/v2\/posts\/192162\/revisions\/192174"}],"wp:featuredmedia":[{"embeddable":true,"href":"https:\/\/canal7slp.tv\/2026\/wp-json\/wp\/v2\/media\/192173"}],"wp:attachment":[{"href":"https:\/\/canal7slp.tv\/2026\/wp-json\/wp\/v2\/media?parent=192162"}],"wp:term":[{"taxonomy":"category","embeddable":true,"href":"https:\/\/canal7slp.tv\/2026\/wp-json\/wp\/v2\/categories?post=192162"},{"taxonomy":"post_tag","embeddable":true,"href":"https:\/\/canal7slp.tv\/2026\/wp-json\/wp\/v2\/tags?post=192162"}],"curies":[{"name":"wp","href":"https:\/\/api.w.org\/{rel}","templated":true}]}}