{"id":192161,"date":"2026-02-03T10:30:02","date_gmt":"2026-02-03T16:30:02","guid":{"rendered":"https:\/\/canal7slp.tv\/2026\/?p=192161"},"modified":"2026-02-02T17:52:16","modified_gmt":"2026-02-02T23:52:16","slug":"relacion-mexico-estados-unidos-en-el-t-mec-debe-ser-a-largo-plazo-considera-la-presidenta-de-canacintra","status":"publish","type":"post","link":"https:\/\/canal7slp.tv\/2026\/relacion-mexico-estados-unidos-en-el-t-mec-debe-ser-a-largo-plazo-considera-la-presidenta-de-canacintra\/","title":{"rendered":"Relaci\u00f3n M\u00e9xico-Estados Unidos en el T-MEC debe ser a largo plazo, considera la presidenta de Canacintra"},"content":{"rendered":"<p style=\"text-align: justify;\"><span style=\"font-size: 1.21429rem;\">SLP.- Imelda Elizalde Mart\u00ednez, presidenta en San Luis Potos\u00ed de la C\u00e1mara Nacionalde la Industria de la Transformaci\u00f3n consider\u00f3 que la relaci\u00f3n de M\u00e9xico con Estados Unidos en el T-Mec debe ser a largo plazo, y sin tener presi\u00f3n por los comentarios del presidente Donald Trump quien en d\u00edas pasado afirmara que el tratado con M\u00e9xico y Canad\u00e1 es irrelevante.<\/span><\/p>\n<p style=\"text-align: justify;\">En este sentido, dijo tambi\u00e9n que las pol\u00edticas cambiantes en el segundo mandato del presidente norteamericano obligan a nuestro pa\u00eds a mantener una postura a la expectativa, y asegurar con ello el crecimiento econ\u00f3mico y la competitividad.<\/p>\n<p style=\"text-align: justify;\">En el mismo contexto, la dirigente empresarial se\u00f1al\u00f3 que para este 2026 se vienen grandes retos en temas como hidrocarburos, reglamentaci\u00f3n aduanal y pol\u00edticas fiscales que dijo, ser\u00e1n fundamentales para mantener la certidumbre y la competitividad en las empresas.<\/p>\n<p>Por: Claudio Ibarra<\/p>\n","protected":false},"excerpt":{"rendered":"<p>SLP.- Imelda Elizalde Mart\u00ednez, presidenta en San Luis Potos\u00ed de la C\u00e1mara Nacionalde la Industria de la Transformaci\u00f3n consider\u00f3 que la relaci\u00f3n de M\u00e9xico con Estados Unidos en el T-Mec debe ser a largo plazo, y sin tener presi\u00f3n por los comentarios del presidente Donald Trump quien en d\u00edas pasado afirmara que el tratado con M\u00e9xico y Canad\u00e1 es irrelevante. En este sentido, dijo tambi\u00e9n que las pol\u00edticas cambiantes en el segundo mandato del presidente norteamericano obligan a nuestro pa\u00eds a mantener una postura a la expectativa, y asegurar con ello el crecimiento econ\u00f3mico y la competitividad. En el mismo [&hellip;]<\/p>\n","protected":false},"author":2,"featured_media":192170,"comment_status":"closed","ping_status":"closed","sticky":false,"template":"","format":"video","meta":{"_monsterinsights_skip_tracking":false,"_monsterinsights_sitenote_active":false,"_monsterinsights_sitenote_note":"","_monsterinsights_sitenote_category":0,"footnotes":""},"categories":[5,45],"tags":[],"class_list":["post-192161","post","type-post","status-publish","format-video","has-post-thumbnail","hentry","category-destacadas","category-localesyregionales","post_format-post-format-video","post--single"],"_links":{"self":[{"href":"https:\/\/canal7slp.tv\/2026\/wp-json\/wp\/v2\/posts\/192161","targetHints":{"allow":["GET"]}}],"collection":[{"href":"https:\/\/canal7slp.tv\/2026\/wp-json\/wp\/v2\/posts"}],"about":[{"href":"https:\/\/canal7slp.tv\/2026\/wp-json\/wp\/v2\/types\/post"}],"author":[{"embeddable":true,"href":"https:\/\/canal7slp.tv\/2026\/wp-json\/wp\/v2\/users\/2"}],"replies":[{"embeddable":true,"href":"https:\/\/canal7slp.tv\/2026\/wp-json\/wp\/v2\/comments?post=192161"}],"version-history":[{"count":2,"href":"https:\/\/canal7slp.tv\/2026\/wp-json\/wp\/v2\/posts\/192161\/revisions"}],"predecessor-version":[{"id":192171,"href":"https:\/\/canal7slp.tv\/2026\/wp-json\/wp\/v2\/posts\/192161\/revisions\/192171"}],"wp:featuredmedia":[{"embeddable":true,"href":"https:\/\/canal7slp.tv\/2026\/wp-json\/wp\/v2\/media\/192170"}],"wp:attachment":[{"href":"https:\/\/canal7slp.tv\/2026\/wp-json\/wp\/v2\/media?parent=192161"}],"wp:term":[{"taxonomy":"category","embeddable":true,"href":"https:\/\/canal7slp.tv\/2026\/wp-json\/wp\/v2\/categories?post=192161"},{"taxonomy":"post_tag","embeddable":true,"href":"https:\/\/canal7slp.tv\/2026\/wp-json\/wp\/v2\/tags?post=192161"}],"curies":[{"name":"wp","href":"https:\/\/api.w.org\/{rel}","templated":true}]}}