{"id":192142,"date":"2026-02-02T17:00:24","date_gmt":"2026-02-02T23:00:24","guid":{"rendered":"https:\/\/canal7slp.tv\/2026\/?p=192142"},"modified":"2026-02-02T17:00:24","modified_gmt":"2026-02-02T23:00:24","slug":"familiares-de-miguel-angel-solicitaron-justicia-despues-de-su-asesinato-violento","status":"publish","type":"post","link":"https:\/\/canal7slp.tv\/2026\/familiares-de-miguel-angel-solicitaron-justicia-despues-de-su-asesinato-violento\/","title":{"rendered":"Familiares de Miguel \u00c1ngel solicitaron justicia despu\u00e9s de su asesinato violento"},"content":{"rendered":"<p style=\"text-align: justify;\"><span style=\"font-size: 1.21429rem;\">SLP.- En redes sociales se ha viralizado la solicitud de justicia de los familiares de Miguel \u00c1ngel, quien fue asesinado el pasado 25 de enero por otro adolescente durante una fiesta que se celebraba en un domicilio particular.<\/span><\/p>\n<p style=\"text-align: justify;\">Seg\u00fan datos recabados, Miguel \u00c1ngel contaba con 16 a\u00f1os de edad al momento del suceso que acab\u00f3 con su vida, era alumno del Colegio de Bachilleres Plantel 26 ubicado en la capital, era hijo \u00fanico y gustaba de practicar deportes.<\/p>\n<p style=\"text-align: justify;\">Al momento no se tiene informaci\u00f3n oficial precisa de c\u00f3mo es que sucedieron los hechos; se sabe que Miguel \u00c1ngel acudi\u00f3 a la reuni\u00f3n con varios amigos y ah\u00ed fue donde otro menor de edad externo al COBACH, deton\u00f3 su arma.<\/p>\n<p style=\"text-align: justify;\">Se especula que despu\u00e9s de una discusi\u00f3n, el agresor sac\u00f3 el arma de fuego y dispar\u00f3; otra versi\u00f3n indica que los j\u00f3venes habr\u00edan manipulado irresponsablemente la pistola y en determinado momento el responsable la deton\u00f3.<\/p>\n<p style=\"text-align: justify;\">La direcci\u00f3n general del COBACH public\u00f3 una esquela, dio el p\u00e9same a los padres del adolescente y aclar\u00f3 que el joven agresor no es su alumno.<\/p>\n<p style=\"text-align: justify;\">El padre del menor fallecido public\u00f3 en su perfil social un comentario para expresar su tristeza y solicit\u00f3 al culpable responsabilizarse por sus actos, culmin\u00f3 con la frase: \u00abDios te perdone, porque nosotros no\u00bb.<\/p>\n<p style=\"text-align: justify;\">A m\u00e1s de una semana de los hechos, no se reportan personas detenidas ni avance en informaci\u00f3n oficial sobre la apertura de una carpeta de investigaci\u00f3n de parte de la Fiscal\u00eda General del Estado.<\/p>\n<p>Por: Juan Carlos Contreras<\/p>\n","protected":false},"excerpt":{"rendered":"<p>SLP.- En redes sociales se ha viralizado la solicitud de justicia de los familiares de Miguel \u00c1ngel, quien fue asesinado el pasado 25 de enero por otro adolescente durante una fiesta que se celebraba en un domicilio particular. Seg\u00fan datos recabados, Miguel \u00c1ngel contaba con 16 a\u00f1os de edad al momento del suceso que acab\u00f3 con su vida, era alumno del Colegio de Bachilleres Plantel 26 ubicado en la capital, era hijo \u00fanico y gustaba de practicar deportes. Al momento no se tiene informaci\u00f3n oficial precisa de c\u00f3mo es que sucedieron los hechos; se sabe que Miguel \u00c1ngel acudi\u00f3 a [&hellip;]<\/p>\n","protected":false},"author":2,"featured_media":192149,"comment_status":"closed","ping_status":"closed","sticky":false,"template":"","format":"video","meta":{"_monsterinsights_skip_tracking":false,"_monsterinsights_sitenote_active":false,"_monsterinsights_sitenote_note":"","_monsterinsights_sitenote_category":0,"footnotes":""},"categories":[5,45],"tags":[],"class_list":["post-192142","post","type-post","status-publish","format-video","has-post-thumbnail","hentry","category-destacadas","category-localesyregionales","post_format-post-format-video","post--single"],"_links":{"self":[{"href":"https:\/\/canal7slp.tv\/2026\/wp-json\/wp\/v2\/posts\/192142","targetHints":{"allow":["GET"]}}],"collection":[{"href":"https:\/\/canal7slp.tv\/2026\/wp-json\/wp\/v2\/posts"}],"about":[{"href":"https:\/\/canal7slp.tv\/2026\/wp-json\/wp\/v2\/types\/post"}],"author":[{"embeddable":true,"href":"https:\/\/canal7slp.tv\/2026\/wp-json\/wp\/v2\/users\/2"}],"replies":[{"embeddable":true,"href":"https:\/\/canal7slp.tv\/2026\/wp-json\/wp\/v2\/comments?post=192142"}],"version-history":[{"count":3,"href":"https:\/\/canal7slp.tv\/2026\/wp-json\/wp\/v2\/posts\/192142\/revisions"}],"predecessor-version":[{"id":192151,"href":"https:\/\/canal7slp.tv\/2026\/wp-json\/wp\/v2\/posts\/192142\/revisions\/192151"}],"wp:featuredmedia":[{"embeddable":true,"href":"https:\/\/canal7slp.tv\/2026\/wp-json\/wp\/v2\/media\/192149"}],"wp:attachment":[{"href":"https:\/\/canal7slp.tv\/2026\/wp-json\/wp\/v2\/media?parent=192142"}],"wp:term":[{"taxonomy":"category","embeddable":true,"href":"https:\/\/canal7slp.tv\/2026\/wp-json\/wp\/v2\/categories?post=192142"},{"taxonomy":"post_tag","embeddable":true,"href":"https:\/\/canal7slp.tv\/2026\/wp-json\/wp\/v2\/tags?post=192142"}],"curies":[{"name":"wp","href":"https:\/\/api.w.org\/{rel}","templated":true}]}}