{"id":191871,"date":"2026-01-29T20:08:45","date_gmt":"2026-01-30T02:08:45","guid":{"rendered":"https:\/\/canal7slp.tv\/2026\/?p=191871"},"modified":"2026-01-29T20:08:45","modified_gmt":"2026-01-30T02:08:45","slug":"recuperan-objetos-robados-en-asalto-sobre-la-carretera-a-matehuala","status":"publish","type":"post","link":"https:\/\/canal7slp.tv\/2026\/recuperan-objetos-robados-en-asalto-sobre-la-carretera-a-matehuala\/","title":{"rendered":"Recuperan objetos robados en asalto sobre la carretera a Matehuala"},"content":{"rendered":"<p style=\"text-align: justify;\">SLP.- A trav\u00e9s de un bolet\u00edn informativo la Fiscal\u00eda General de la Rep\u00fablica dio a conocer que el pasado 25 de enero abri\u00f3 una carpeta de investigaci\u00f3n, en torno al robo de equipo a personal del Centro de Producci\u00f3n de Programas Informativos y Especiales, dependiente de la Secretar\u00eda de Gobernaci\u00f3n.<\/p>\n<p style=\"text-align: justify;\">En un incidente que inicialmete se manej\u00f3 como un asalto al equipo de avanzada de la presidenta Claudia Sheinbaum la fiscal\u00eda federal, se\u00f1ala que los hechos denunciados refieren que estas personas fueron abordadas por sujetos armados, cuando circulaban en un tramo sobre la carretera a Matehuala despoj\u00e1ndolos de su equipo de grabaci\u00f3n.<\/p>\n<p style=\"text-align: justify;\">Sin embargo, el comunicado se\u00f1ala que este 27 de enero elementos de la Guardia Nacional recuperaron el equipo robado, el cual fue abandonado en un paraje del municipio de Guadalc\u00e1zar a 28 kilometros de distancia de donde ocurrieron los hechos.<\/p>\n<p>Por: Claudio Ibarra<\/p>\n","protected":false},"excerpt":{"rendered":"<p>SLP.- A trav\u00e9s de un bolet\u00edn informativo la Fiscal\u00eda General de la Rep\u00fablica dio a conocer que el pasado 25 de enero abri\u00f3 una carpeta de investigaci\u00f3n, en torno al robo de equipo a personal del Centro de Producci\u00f3n de Programas Informativos y Especiales, dependiente de la Secretar\u00eda de Gobernaci\u00f3n. En un incidente que inicialmete se manej\u00f3 como un asalto al equipo de avanzada de la presidenta Claudia Sheinbaum la fiscal\u00eda federal, se\u00f1ala que los hechos denunciados refieren que estas personas fueron abordadas por sujetos armados, cuando circulaban en un tramo sobre la carretera a Matehuala despoj\u00e1ndolos de su equipo [&hellip;]<\/p>\n","protected":false},"author":2,"featured_media":191883,"comment_status":"closed","ping_status":"closed","sticky":false,"template":"","format":"video","meta":{"_monsterinsights_skip_tracking":false,"_monsterinsights_sitenote_active":false,"_monsterinsights_sitenote_note":"","_monsterinsights_sitenote_category":0,"footnotes":""},"categories":[5,510,45],"tags":[],"class_list":["post-191871","post","type-post","status-publish","format-video","has-post-thumbnail","hentry","category-destacadas","category-gobedoslp","category-localesyregionales","post_format-post-format-video","post--single"],"_links":{"self":[{"href":"https:\/\/canal7slp.tv\/2026\/wp-json\/wp\/v2\/posts\/191871","targetHints":{"allow":["GET"]}}],"collection":[{"href":"https:\/\/canal7slp.tv\/2026\/wp-json\/wp\/v2\/posts"}],"about":[{"href":"https:\/\/canal7slp.tv\/2026\/wp-json\/wp\/v2\/types\/post"}],"author":[{"embeddable":true,"href":"https:\/\/canal7slp.tv\/2026\/wp-json\/wp\/v2\/users\/2"}],"replies":[{"embeddable":true,"href":"https:\/\/canal7slp.tv\/2026\/wp-json\/wp\/v2\/comments?post=191871"}],"version-history":[{"count":3,"href":"https:\/\/canal7slp.tv\/2026\/wp-json\/wp\/v2\/posts\/191871\/revisions"}],"predecessor-version":[{"id":191885,"href":"https:\/\/canal7slp.tv\/2026\/wp-json\/wp\/v2\/posts\/191871\/revisions\/191885"}],"wp:featuredmedia":[{"embeddable":true,"href":"https:\/\/canal7slp.tv\/2026\/wp-json\/wp\/v2\/media\/191883"}],"wp:attachment":[{"href":"https:\/\/canal7slp.tv\/2026\/wp-json\/wp\/v2\/media?parent=191871"}],"wp:term":[{"taxonomy":"category","embeddable":true,"href":"https:\/\/canal7slp.tv\/2026\/wp-json\/wp\/v2\/categories?post=191871"},{"taxonomy":"post_tag","embeddable":true,"href":"https:\/\/canal7slp.tv\/2026\/wp-json\/wp\/v2\/tags?post=191871"}],"curies":[{"name":"wp","href":"https:\/\/api.w.org\/{rel}","templated":true}]}}