{"id":191870,"date":"2026-01-29T20:05:45","date_gmt":"2026-01-30T02:05:45","guid":{"rendered":"https:\/\/canal7slp.tv\/2026\/?p=191870"},"modified":"2026-01-29T20:05:45","modified_gmt":"2026-01-30T02:05:45","slug":"sobre-alianzas-con-pt-y-verde-ecologista-nada-definido-asegura-la-dirigente-estatal-de-morena","status":"publish","type":"post","link":"https:\/\/canal7slp.tv\/2026\/sobre-alianzas-con-pt-y-verde-ecologista-nada-definido-asegura-la-dirigente-estatal-de-morena\/","title":{"rendered":"Sobre alianzas con PT y Verde Ecologista nada definido, asegura la dirigente estatal de MORENA"},"content":{"rendered":"<p style=\"text-align: justify;\"><span style=\"font-size: 1.21429rem;\">SLP:- A pesar de que la dirigente nacional de MORENA Luisa Mar\u00eda Alcalde acompa\u00f1ada por los dirigentes nacionales del Partido del Trabajo y del Partido Verde Ecologista, anunci\u00f3 que pactaron una alianza para ir juntos en el 2027 su dirigente estatal Rita Ozalia Rodr\u00edguez asegur\u00f3 que en lo local aun no hay nada definido.<\/span><\/p>\n<p style=\"text-align: justify;\">Afirmo que el acuerdo entre las dirigencias nacionales de los tres partidos pol\u00edticos responde a la necesidad de construir consensos en el tema de la reforma electoral.<\/p>\n<p style=\"text-align: justify;\">Cabe se\u00f1alar que en la declaraci\u00f3n conjunta de los dirigentes nacionales de MORENA, PT y Verde Ecologista se dijo que ir\u00e1n en alianza en el 2027 ya que estar\u00e1n en juego 17 gubernaturas.<\/p>\n<p style=\"text-align: justify;\">Sin embargo, Rodr\u00edguez Vel\u00e1zquez reiter\u00f3 que respecto a coaliciones locales nada est\u00e1 definido ya que se analizar\u00e1 la situaci\u00f3n estado por estado.<\/p>\n<p>Por: Claudio Ibarra<\/p>\n","protected":false},"excerpt":{"rendered":"<p>SLP:- A pesar de que la dirigente nacional de MORENA Luisa Mar\u00eda Alcalde acompa\u00f1ada por los dirigentes nacionales del Partido del Trabajo y del Partido Verde Ecologista, anunci\u00f3 que pactaron una alianza para ir juntos en el 2027 su dirigente estatal Rita Ozalia Rodr\u00edguez asegur\u00f3 que en lo local aun no hay nada definido. Afirmo que el acuerdo entre las dirigencias nacionales de los tres partidos pol\u00edticos responde a la necesidad de construir consensos en el tema de la reforma electoral. Cabe se\u00f1alar que en la declaraci\u00f3n conjunta de los dirigentes nacionales de MORENA, PT y Verde Ecologista se dijo [&hellip;]<\/p>\n","protected":false},"author":2,"featured_media":191880,"comment_status":"closed","ping_status":"closed","sticky":false,"template":"","format":"video","meta":{"_monsterinsights_skip_tracking":false,"_monsterinsights_sitenote_active":false,"_monsterinsights_sitenote_note":"","_monsterinsights_sitenote_category":0,"footnotes":""},"categories":[5,45],"tags":[],"class_list":["post-191870","post","type-post","status-publish","format-video","has-post-thumbnail","hentry","category-destacadas","category-localesyregionales","post_format-post-format-video","post--single"],"_links":{"self":[{"href":"https:\/\/canal7slp.tv\/2026\/wp-json\/wp\/v2\/posts\/191870","targetHints":{"allow":["GET"]}}],"collection":[{"href":"https:\/\/canal7slp.tv\/2026\/wp-json\/wp\/v2\/posts"}],"about":[{"href":"https:\/\/canal7slp.tv\/2026\/wp-json\/wp\/v2\/types\/post"}],"author":[{"embeddable":true,"href":"https:\/\/canal7slp.tv\/2026\/wp-json\/wp\/v2\/users\/2"}],"replies":[{"embeddable":true,"href":"https:\/\/canal7slp.tv\/2026\/wp-json\/wp\/v2\/comments?post=191870"}],"version-history":[{"count":2,"href":"https:\/\/canal7slp.tv\/2026\/wp-json\/wp\/v2\/posts\/191870\/revisions"}],"predecessor-version":[{"id":191881,"href":"https:\/\/canal7slp.tv\/2026\/wp-json\/wp\/v2\/posts\/191870\/revisions\/191881"}],"wp:featuredmedia":[{"embeddable":true,"href":"https:\/\/canal7slp.tv\/2026\/wp-json\/wp\/v2\/media\/191880"}],"wp:attachment":[{"href":"https:\/\/canal7slp.tv\/2026\/wp-json\/wp\/v2\/media?parent=191870"}],"wp:term":[{"taxonomy":"category","embeddable":true,"href":"https:\/\/canal7slp.tv\/2026\/wp-json\/wp\/v2\/categories?post=191870"},{"taxonomy":"post_tag","embeddable":true,"href":"https:\/\/canal7slp.tv\/2026\/wp-json\/wp\/v2\/tags?post=191870"}],"curies":[{"name":"wp","href":"https:\/\/api.w.org\/{rel}","templated":true}]}}