{"id":191869,"date":"2026-01-29T20:02:59","date_gmt":"2026-01-30T02:02:59","guid":{"rendered":"https:\/\/canal7slp.tv\/2026\/?p=191869"},"modified":"2026-01-29T20:03:22","modified_gmt":"2026-01-30T02:03:22","slug":"inauguran-nuevas-instalaciones-del-club-de-ninos-y-ninas-de-san-luis-potosi","status":"publish","type":"post","link":"https:\/\/canal7slp.tv\/2026\/inauguran-nuevas-instalaciones-del-club-de-ninos-y-ninas-de-san-luis-potosi\/","title":{"rendered":"Inauguran nuevas instalaciones del Club de Ni\u00f1os y Ni\u00f1as de San Luis Potos\u00ed"},"content":{"rendered":"<p style=\"text-align: justify;\"><span style=\"font-size: 1.21429rem;\">SLP.- El Club de Ni\u00f1os y Ni\u00f1as es un proyecto de la sociedad civil que proporciona un programa integral para ni\u00f1os, ni\u00f1as y adolescentes, en espacios seguros.<\/span><\/p>\n<p style=\"text-align: justify;\">Este jueves, inaugur\u00f3 sus nuevas instalaciones ubicadas en Real Pe\u00f1asco con programas y actividades orientadas al tiempo libre despu\u00e9s de la escuela.<\/p>\n<p style=\"text-align: justify;\">Se record\u00f3 que hace 10 a\u00f1os se abri\u00f3 un centro de este tipo en el fraccionamiento La Virgen que atiende a 660 ni\u00f1os y ni\u00f1as, adem\u00e1s de otro ubicado en el municipio de Villa de Reyes y en el que est\u00e1n inscritos 215 menores.<\/p>\n<p style=\"text-align: justify;\">El objetivo del Club de Ni\u00f1os y Ni\u00f1as es que exploren sus oportunidades vocacionales, mantenerse sanos y que no caigan en conductas antisociales.<\/p>\n<p style=\"text-align: justify;\">Adem\u00e1s, en el Club de Ni\u00f1os y Ni\u00f1as se fomentan las actividades deportivas y art\u00edsticas asi como el manejo de conflictos de manera positiva, elevando su autoestima y confianza en si mismos.<\/p>\n<p>Por: Claudio Ibarra<\/p>\n","protected":false},"excerpt":{"rendered":"<p>SLP.- El Club de Ni\u00f1os y Ni\u00f1as es un proyecto de la sociedad civil que proporciona un programa integral para ni\u00f1os, ni\u00f1as y adolescentes, en espacios seguros. Este jueves, inaugur\u00f3 sus nuevas instalaciones ubicadas en Real Pe\u00f1asco con programas y actividades orientadas al tiempo libre despu\u00e9s de la escuela. Se record\u00f3 que hace 10 a\u00f1os se abri\u00f3 un centro de este tipo en el fraccionamiento La Virgen que atiende a 660 ni\u00f1os y ni\u00f1as, adem\u00e1s de otro ubicado en el municipio de Villa de Reyes y en el que est\u00e1n inscritos 215 menores. El objetivo del Club de Ni\u00f1os y [&hellip;]<\/p>\n","protected":false},"author":2,"featured_media":191877,"comment_status":"closed","ping_status":"closed","sticky":false,"template":"","format":"video","meta":{"_monsterinsights_skip_tracking":false,"_monsterinsights_sitenote_active":false,"_monsterinsights_sitenote_note":"","_monsterinsights_sitenote_category":0,"footnotes":""},"categories":[5,45],"tags":[],"class_list":["post-191869","post","type-post","status-publish","format-video","has-post-thumbnail","hentry","category-destacadas","category-localesyregionales","post_format-post-format-video","post--single"],"_links":{"self":[{"href":"https:\/\/canal7slp.tv\/2026\/wp-json\/wp\/v2\/posts\/191869","targetHints":{"allow":["GET"]}}],"collection":[{"href":"https:\/\/canal7slp.tv\/2026\/wp-json\/wp\/v2\/posts"}],"about":[{"href":"https:\/\/canal7slp.tv\/2026\/wp-json\/wp\/v2\/types\/post"}],"author":[{"embeddable":true,"href":"https:\/\/canal7slp.tv\/2026\/wp-json\/wp\/v2\/users\/2"}],"replies":[{"embeddable":true,"href":"https:\/\/canal7slp.tv\/2026\/wp-json\/wp\/v2\/comments?post=191869"}],"version-history":[{"count":2,"href":"https:\/\/canal7slp.tv\/2026\/wp-json\/wp\/v2\/posts\/191869\/revisions"}],"predecessor-version":[{"id":191878,"href":"https:\/\/canal7slp.tv\/2026\/wp-json\/wp\/v2\/posts\/191869\/revisions\/191878"}],"wp:featuredmedia":[{"embeddable":true,"href":"https:\/\/canal7slp.tv\/2026\/wp-json\/wp\/v2\/media\/191877"}],"wp:attachment":[{"href":"https:\/\/canal7slp.tv\/2026\/wp-json\/wp\/v2\/media?parent=191869"}],"wp:term":[{"taxonomy":"category","embeddable":true,"href":"https:\/\/canal7slp.tv\/2026\/wp-json\/wp\/v2\/categories?post=191869"},{"taxonomy":"post_tag","embeddable":true,"href":"https:\/\/canal7slp.tv\/2026\/wp-json\/wp\/v2\/tags?post=191869"}],"curies":[{"name":"wp","href":"https:\/\/api.w.org\/{rel}","templated":true}]}}