{"id":191848,"date":"2026-01-29T17:42:54","date_gmt":"2026-01-29T23:42:54","guid":{"rendered":"https:\/\/canal7slp.tv\/2026\/?p=191848"},"modified":"2026-01-29T17:42:54","modified_gmt":"2026-01-29T23:42:54","slug":"signan-convenio-con-sifide-en-sesion-del-consejo-consultivo-de-desarrollo-economico","status":"publish","type":"post","link":"https:\/\/canal7slp.tv\/2026\/signan-convenio-con-sifide-en-sesion-del-consejo-consultivo-de-desarrollo-economico\/","title":{"rendered":"Signan convenio con SIFIDE en sesi\u00f3n del Consejo Consultivo de Desarrollo Econ\u00f3mico"},"content":{"rendered":"<p style=\"text-align: justify;\">SGS.- Se realiz\u00f3 la primera sesi\u00f3n del Consejo Consultivo de Desarrollo Econ\u00f3mico Municipal de Soledad de Graciano S\u00e1nchez y el titular de la direcci\u00f3n de Desarrollo Econ\u00f3mico local, H\u00e9ctor Xavier Andrade Ovalle, ofreci\u00f3 un informe de actividades en este rubro.<\/p>\n<p style=\"text-align: justify;\">\u201cEn Soledad estamos comprometidos en trazar este eje de atenci\u00f3n, de cordialidad (\u2026) hemos iniciado una transformaci\u00f3n urbana ordenada, se han creado las condiciones para el crecimiento econ\u00f3mico local\u201d.<\/p>\n<p style=\"text-align: justify;\">Los pilares de la administraci\u00f3n comprenden el tema de desarrollo econ\u00f3mico.<\/p>\n<p style=\"text-align: justify;\">\u201cUn eje principal basado en la seguridad, en la infraestructura y en el bienestar social, siempre es importante estar en las comunidades, en los ejidos, en las colonias de escasos recursos para poderlos integrar a este desarrollo econ\u00f3mico\u201d.<\/p>\n<p style=\"text-align: justify;\">Dar certeza a los emprendedores o inversionistas, generar atracci\u00f3n de empresas de gran envergadura y apoyar con coordinaci\u00f3n de obras de mejora en infraestructura p\u00fablica en zonas de comercios, fueron algunos de los temas que se destacaron.<\/p>\n<p style=\"text-align: justify;\">Posterior al informe, se firm\u00f3 un convenio con el Sistema de Financiamiento para el Desarrollo del Estado, su titular, Jovanny de Jes\u00fas Ram\u00f3n Cruz, extern\u00f3 su posicionamiento una vez signado el acuerdo de colaboraci\u00f3n.<\/p>\n<p style=\"text-align: justify;\">\u201cA trav\u00e9s de esta alianza con el ayuntamiento de Soledad, buscamos garantizar que ninguna familia e este municipio por m\u00e1s lejos que se encuentre se quede sin la oportunidad de acceder a un cr\u00e9dito que cambie su vida\u201d.<\/p>\n<p>Por: Juan Carlos Contreras<\/p>\n","protected":false},"excerpt":{"rendered":"<p>SGS.- Se realiz\u00f3 la primera sesi\u00f3n del Consejo Consultivo de Desarrollo Econ\u00f3mico Municipal de Soledad de Graciano S\u00e1nchez y el titular de la direcci\u00f3n de Desarrollo Econ\u00f3mico local, H\u00e9ctor Xavier Andrade Ovalle, ofreci\u00f3 un informe de actividades en este rubro. \u201cEn Soledad estamos comprometidos en trazar este eje de atenci\u00f3n, de cordialidad (\u2026) hemos iniciado una transformaci\u00f3n urbana ordenada, se han creado las condiciones para el crecimiento econ\u00f3mico local\u201d. Los pilares de la administraci\u00f3n comprenden el tema de desarrollo econ\u00f3mico. \u201cUn eje principal basado en la seguridad, en la infraestructura y en el bienestar social, siempre es importante estar en [&hellip;]<\/p>\n","protected":false},"author":2,"featured_media":191860,"comment_status":"closed","ping_status":"closed","sticky":false,"template":"","format":"video","meta":{"_monsterinsights_skip_tracking":false,"_monsterinsights_sitenote_active":false,"_monsterinsights_sitenote_note":"","_monsterinsights_sitenote_category":0,"footnotes":""},"categories":[512,5,510,45],"tags":[],"class_list":["post-191848","post","type-post","status-publish","format-video","has-post-thumbnail","hentry","category-ayosgs","category-destacadas","category-gobedoslp","category-localesyregionales","post_format-post-format-video","post--single"],"_links":{"self":[{"href":"https:\/\/canal7slp.tv\/2026\/wp-json\/wp\/v2\/posts\/191848","targetHints":{"allow":["GET"]}}],"collection":[{"href":"https:\/\/canal7slp.tv\/2026\/wp-json\/wp\/v2\/posts"}],"about":[{"href":"https:\/\/canal7slp.tv\/2026\/wp-json\/wp\/v2\/types\/post"}],"author":[{"embeddable":true,"href":"https:\/\/canal7slp.tv\/2026\/wp-json\/wp\/v2\/users\/2"}],"replies":[{"embeddable":true,"href":"https:\/\/canal7slp.tv\/2026\/wp-json\/wp\/v2\/comments?post=191848"}],"version-history":[{"count":2,"href":"https:\/\/canal7slp.tv\/2026\/wp-json\/wp\/v2\/posts\/191848\/revisions"}],"predecessor-version":[{"id":191865,"href":"https:\/\/canal7slp.tv\/2026\/wp-json\/wp\/v2\/posts\/191848\/revisions\/191865"}],"wp:featuredmedia":[{"embeddable":true,"href":"https:\/\/canal7slp.tv\/2026\/wp-json\/wp\/v2\/media\/191860"}],"wp:attachment":[{"href":"https:\/\/canal7slp.tv\/2026\/wp-json\/wp\/v2\/media?parent=191848"}],"wp:term":[{"taxonomy":"category","embeddable":true,"href":"https:\/\/canal7slp.tv\/2026\/wp-json\/wp\/v2\/categories?post=191848"},{"taxonomy":"post_tag","embeddable":true,"href":"https:\/\/canal7slp.tv\/2026\/wp-json\/wp\/v2\/tags?post=191848"}],"curies":[{"name":"wp","href":"https:\/\/api.w.org\/{rel}","templated":true}]}}