{"id":191761,"date":"2026-01-28T21:44:37","date_gmt":"2026-01-29T03:44:37","guid":{"rendered":"https:\/\/canal7slp.tv\/2026\/?p=191761"},"modified":"2026-01-28T21:44:37","modified_gmt":"2026-01-29T03:44:37","slug":"morena-pt-y-pvem-blindan-su-alianza-rumbo-a-las-elecciones-de-2027","status":"publish","type":"post","link":"https:\/\/canal7slp.tv\/2026\/morena-pt-y-pvem-blindan-su-alianza-rumbo-a-las-elecciones-de-2027\/","title":{"rendered":"Morena, PT y PVEM blindan su alianza rumbo a las elecciones de 2027"},"content":{"rendered":"<p style=\"text-align: justify;\">M\u00e9xico.- Las dirigencias nacionales de los partidos Morena, Partido Verde Ecologista de M\u00e9xico (PVEM) y Partido del Trabajo (PT) han firmado un acuerdo para fortalecer su alianza de cara a las elecciones intermedias de 2027. En estos comicios se renovar\u00e1 la C\u00e1mara de Diputados y se elegir\u00e1n 17 gubernaturas en el pa\u00eds. Los partidos se comprometieron a priorizar el inter\u00e9s de M\u00e9xico sobre cualquier inter\u00e9s partidario.<\/p>\n<p style=\"text-align: justify;\">En una declaraci\u00f3n conjunta, afirmaron su intenci\u00f3n de mantener la unidad pol\u00edtica para garantizar la continuidad de un proyecto de transformaci\u00f3n que busca un pa\u00eds m\u00e1s justo y democr\u00e1tico. Asimismo, expresaron su apoyo a Claudia Sheinbaum Pardo, quien se convirti\u00f3 en la primera presidenta de M\u00e9xico, destacando su hist\u00f3rica votaci\u00f3n.<\/p>\n<p style=\"text-align: justify;\">Durante una conferencia de prensa, los l\u00edderes de los partidos enfatizaron que la alianza est\u00e1 m\u00e1s fuerte que nunca y que la oposici\u00f3n carece de un proyecto s\u00f3lido. Resaltaron que su colaboraci\u00f3n fue clave para los triunfos electorales de 2018 y 2024, y que han logrado convertir programas sociales en derechos constitucionales.<\/p>\n<p style=\"text-align: justify;\">El Partido del Trabajo subray\u00f3 que esta alianza no solo se enfoca en las elecciones de 2024, sino que tambi\u00e9n mira hacia la elecci\u00f3n presidencial de 2030. Los l\u00edderes de la coalici\u00f3n afirmaron que cualquier percepci\u00f3n de divisi\u00f3n es incorrecta, reafirmando su respaldo a la administraci\u00f3n de Sheinbaum Pardo.<\/p>\n","protected":false},"excerpt":{"rendered":"<p>M\u00e9xico.- Las dirigencias nacionales de los partidos Morena, Partido Verde Ecologista de M\u00e9xico (PVEM) y Partido del Trabajo (PT) han firmado un acuerdo para fortalecer su alianza de cara a las elecciones intermedias de 2027. En estos comicios se renovar\u00e1 la C\u00e1mara de Diputados y se elegir\u00e1n 17 gubernaturas en el pa\u00eds. Los partidos se comprometieron a priorizar el inter\u00e9s de M\u00e9xico sobre cualquier inter\u00e9s partidario. En una declaraci\u00f3n conjunta, afirmaron su intenci\u00f3n de mantener la unidad pol\u00edtica para garantizar la continuidad de un proyecto de transformaci\u00f3n que busca un pa\u00eds m\u00e1s justo y democr\u00e1tico. Asimismo, expresaron su apoyo a [&hellip;]<\/p>\n","protected":false},"author":2,"featured_media":191762,"comment_status":"closed","ping_status":"closed","sticky":false,"template":"","format":"standard","meta":{"_monsterinsights_skip_tracking":false,"_monsterinsights_sitenote_active":false,"_monsterinsights_sitenote_note":"","_monsterinsights_sitenote_category":0,"footnotes":""},"categories":[1],"tags":[],"class_list":["post-191761","post","type-post","status-publish","format-standard","has-post-thumbnail","hentry","category-uncategorized","post--single"],"_links":{"self":[{"href":"https:\/\/canal7slp.tv\/2026\/wp-json\/wp\/v2\/posts\/191761","targetHints":{"allow":["GET"]}}],"collection":[{"href":"https:\/\/canal7slp.tv\/2026\/wp-json\/wp\/v2\/posts"}],"about":[{"href":"https:\/\/canal7slp.tv\/2026\/wp-json\/wp\/v2\/types\/post"}],"author":[{"embeddable":true,"href":"https:\/\/canal7slp.tv\/2026\/wp-json\/wp\/v2\/users\/2"}],"replies":[{"embeddable":true,"href":"https:\/\/canal7slp.tv\/2026\/wp-json\/wp\/v2\/comments?post=191761"}],"version-history":[{"count":2,"href":"https:\/\/canal7slp.tv\/2026\/wp-json\/wp\/v2\/posts\/191761\/revisions"}],"predecessor-version":[{"id":191764,"href":"https:\/\/canal7slp.tv\/2026\/wp-json\/wp\/v2\/posts\/191761\/revisions\/191764"}],"wp:featuredmedia":[{"embeddable":true,"href":"https:\/\/canal7slp.tv\/2026\/wp-json\/wp\/v2\/media\/191762"}],"wp:attachment":[{"href":"https:\/\/canal7slp.tv\/2026\/wp-json\/wp\/v2\/media?parent=191761"}],"wp:term":[{"taxonomy":"category","embeddable":true,"href":"https:\/\/canal7slp.tv\/2026\/wp-json\/wp\/v2\/categories?post=191761"},{"taxonomy":"post_tag","embeddable":true,"href":"https:\/\/canal7slp.tv\/2026\/wp-json\/wp\/v2\/tags?post=191761"}],"curies":[{"name":"wp","href":"https:\/\/api.w.org\/{rel}","templated":true}]}}