{"id":191748,"date":"2026-01-28T22:18:30","date_gmt":"2026-01-29T04:18:30","guid":{"rendered":"https:\/\/canal7slp.tv\/2026\/?p=191748"},"modified":"2026-01-28T22:18:30","modified_gmt":"2026-01-29T04:18:30","slug":"niegan-autoridades-estatales-asalto-en-contra-de-personal-de-la-avanzada-de-la-presidenta-claudia-shienbaum-en-carreteras-potosinas","status":"publish","type":"post","link":"https:\/\/canal7slp.tv\/2026\/niegan-autoridades-estatales-asalto-en-contra-de-personal-de-la-avanzada-de-la-presidenta-claudia-shienbaum-en-carreteras-potosinas\/","title":{"rendered":"Niegan autoridades estatales asalto en contra de personal de la avanzada de la presidenta Claudia Shienbaum en carreteras potosinas"},"content":{"rendered":"<p style=\"text-align: justify;\"><span style=\"font-size: 1.21429rem;\">SLP.- En torno a las versiones en el sentido de que un veh\u00edculo presuntamente integrante de la avanzada de la presidenta Claudia Sheinbaum, fue asaltado en un tramo de la carretera a Matehuala a la altura de El Huizache, el gobernador Ricardo Gallardo evit\u00f3 el tema e instruy\u00f3 a su secretario de gobierno Jos\u00e9 Guadalupe Torres a que diera informaci\u00f3n al respecto.<\/span><\/p>\n<p style=\"text-align: justify;\">En este contexto, el secretario general de gobierno confirm\u00f3 que s\u00ed se trat\u00f3 de un asalto pero rechaz\u00f3 categ\u00f3rico que haya sido en contra del equipo presidencial.<\/p>\n<p style=\"text-align: justify;\">El funcionario estatal afirm\u00f3 que por tratarse de un hecho ocurrido en v\u00edas federales la Fiscal\u00eda General de la Rep\u00fablica, es la que lleva las investigaciones de este caso al decir tambi\u00e9n que personal de la Guardia Nacional, fueron los primeros respondientes en prestar apoyo a los afectados.<\/p>\n<p>Por: Claudio Ibarra<\/p>\n","protected":false},"excerpt":{"rendered":"<p>SLP.- En torno a las versiones en el sentido de que un veh\u00edculo presuntamente integrante de la avanzada de la presidenta Claudia Sheinbaum, fue asaltado en un tramo de la carretera a Matehuala a la altura de El Huizache, el gobernador Ricardo Gallardo evit\u00f3 el tema e instruy\u00f3 a su secretario de gobierno Jos\u00e9 Guadalupe Torres a que diera informaci\u00f3n al respecto. En este contexto, el secretario general de gobierno confirm\u00f3 que s\u00ed se trat\u00f3 de un asalto pero rechaz\u00f3 categ\u00f3rico que haya sido en contra del equipo presidencial. El funcionario estatal afirm\u00f3 que por tratarse de un hecho ocurrido [&hellip;]<\/p>\n","protected":false},"author":2,"featured_media":191773,"comment_status":"closed","ping_status":"closed","sticky":false,"template":"","format":"video","meta":{"_monsterinsights_skip_tracking":false,"_monsterinsights_sitenote_active":false,"_monsterinsights_sitenote_note":"","_monsterinsights_sitenote_category":0,"footnotes":""},"categories":[5,510,45],"tags":[],"class_list":["post-191748","post","type-post","status-publish","format-video","has-post-thumbnail","hentry","category-destacadas","category-gobedoslp","category-localesyregionales","post_format-post-format-video","post--single"],"_links":{"self":[{"href":"https:\/\/canal7slp.tv\/2026\/wp-json\/wp\/v2\/posts\/191748","targetHints":{"allow":["GET"]}}],"collection":[{"href":"https:\/\/canal7slp.tv\/2026\/wp-json\/wp\/v2\/posts"}],"about":[{"href":"https:\/\/canal7slp.tv\/2026\/wp-json\/wp\/v2\/types\/post"}],"author":[{"embeddable":true,"href":"https:\/\/canal7slp.tv\/2026\/wp-json\/wp\/v2\/users\/2"}],"replies":[{"embeddable":true,"href":"https:\/\/canal7slp.tv\/2026\/wp-json\/wp\/v2\/comments?post=191748"}],"version-history":[{"count":3,"href":"https:\/\/canal7slp.tv\/2026\/wp-json\/wp\/v2\/posts\/191748\/revisions"}],"predecessor-version":[{"id":191775,"href":"https:\/\/canal7slp.tv\/2026\/wp-json\/wp\/v2\/posts\/191748\/revisions\/191775"}],"wp:featuredmedia":[{"embeddable":true,"href":"https:\/\/canal7slp.tv\/2026\/wp-json\/wp\/v2\/media\/191773"}],"wp:attachment":[{"href":"https:\/\/canal7slp.tv\/2026\/wp-json\/wp\/v2\/media?parent=191748"}],"wp:term":[{"taxonomy":"category","embeddable":true,"href":"https:\/\/canal7slp.tv\/2026\/wp-json\/wp\/v2\/categories?post=191748"},{"taxonomy":"post_tag","embeddable":true,"href":"https:\/\/canal7slp.tv\/2026\/wp-json\/wp\/v2\/tags?post=191748"}],"curies":[{"name":"wp","href":"https:\/\/api.w.org\/{rel}","templated":true}]}}