{"id":191746,"date":"2026-01-28T21:48:49","date_gmt":"2026-01-29T03:48:49","guid":{"rendered":"https:\/\/canal7slp.tv\/2026\/?p=191746"},"modified":"2026-01-28T21:48:49","modified_gmt":"2026-01-29T03:48:49","slug":"arranca-obra-de-pavimentacion-de-la-calle-negrete-en-soledad-de-graciano-sanchez","status":"publish","type":"post","link":"https:\/\/canal7slp.tv\/2026\/arranca-obra-de-pavimentacion-de-la-calle-negrete-en-soledad-de-graciano-sanchez\/","title":{"rendered":"Arranca obra de pavimentaci\u00f3n de la calle Negrete en Soledad de Graciano S\u00e1nchez"},"content":{"rendered":"<p style=\"text-align: justify;\"><span style=\"font-size: 1.21429rem;\">SGS.- Con una inversi\u00f3n de dos millones 500 mil pesos el alcalde de Soledad de Graciano S\u00e1nchez, Juan Manuel Navarro encabez\u00f3 el arranque de los trabajos de pavimentaci\u00f3n con concreto hidr\u00e1ulico de la calle Negrete, perteneciente a la cabecera municipal.<\/span><\/p>\n<p style=\"text-align: justify;\">Adem\u00e1s, en este mismo lugar dieron inicio los trabajos para el entubamiento de un canal de aguas negras en beneficio de dos mil habitantes que se estaban viendo afectados por este foco de contaminaci\u00f3n.<\/p>\n<p style=\"text-align: justify;\">Esta obra de rehabilitaci\u00f3n contempla la intervenci\u00f3n de mil 460 metros cuadrados y que el alcalde soledense dijo, permitir\u00e1 abatir carencias hist\u00f3ricas en servicios b\u00e1sicos.<\/p>\n<p style=\"text-align: justify;\">Asimismo, el presidente municipal anunci\u00f3 que como parte de la atenci\u00f3n integral a esta zona, la semana pr\u00f3xima arrancar\u00e1 los trabajos de entubamiento del canal de aguas residuales en la calle General Fuero y que dijo, permitir\u00e1 mejorar la seguridad y las condiciones sanitarias para las familias de este sector.<\/p>\n<p>Por: Claudio Ibarra<\/p>\n","protected":false},"excerpt":{"rendered":"<p>SGS.- Con una inversi\u00f3n de dos millones 500 mil pesos el alcalde de Soledad de Graciano S\u00e1nchez, Juan Manuel Navarro encabez\u00f3 el arranque de los trabajos de pavimentaci\u00f3n con concreto hidr\u00e1ulico de la calle Negrete, perteneciente a la cabecera municipal. Adem\u00e1s, en este mismo lugar dieron inicio los trabajos para el entubamiento de un canal de aguas negras en beneficio de dos mil habitantes que se estaban viendo afectados por este foco de contaminaci\u00f3n. Esta obra de rehabilitaci\u00f3n contempla la intervenci\u00f3n de mil 460 metros cuadrados y que el alcalde soledense dijo, permitir\u00e1 abatir carencias hist\u00f3ricas en servicios b\u00e1sicos. Asimismo, [&hellip;]<\/p>\n","protected":false},"author":2,"featured_media":191766,"comment_status":"closed","ping_status":"closed","sticky":false,"template":"","format":"video","meta":{"_monsterinsights_skip_tracking":false,"_monsterinsights_sitenote_active":false,"_monsterinsights_sitenote_note":"","_monsterinsights_sitenote_category":0,"footnotes":""},"categories":[512,5,45],"tags":[],"class_list":["post-191746","post","type-post","status-publish","format-video","has-post-thumbnail","hentry","category-ayosgs","category-destacadas","category-localesyregionales","post_format-post-format-video","post--single"],"_links":{"self":[{"href":"https:\/\/canal7slp.tv\/2026\/wp-json\/wp\/v2\/posts\/191746","targetHints":{"allow":["GET"]}}],"collection":[{"href":"https:\/\/canal7slp.tv\/2026\/wp-json\/wp\/v2\/posts"}],"about":[{"href":"https:\/\/canal7slp.tv\/2026\/wp-json\/wp\/v2\/types\/post"}],"author":[{"embeddable":true,"href":"https:\/\/canal7slp.tv\/2026\/wp-json\/wp\/v2\/users\/2"}],"replies":[{"embeddable":true,"href":"https:\/\/canal7slp.tv\/2026\/wp-json\/wp\/v2\/comments?post=191746"}],"version-history":[{"count":2,"href":"https:\/\/canal7slp.tv\/2026\/wp-json\/wp\/v2\/posts\/191746\/revisions"}],"predecessor-version":[{"id":191767,"href":"https:\/\/canal7slp.tv\/2026\/wp-json\/wp\/v2\/posts\/191746\/revisions\/191767"}],"wp:featuredmedia":[{"embeddable":true,"href":"https:\/\/canal7slp.tv\/2026\/wp-json\/wp\/v2\/media\/191766"}],"wp:attachment":[{"href":"https:\/\/canal7slp.tv\/2026\/wp-json\/wp\/v2\/media?parent=191746"}],"wp:term":[{"taxonomy":"category","embeddable":true,"href":"https:\/\/canal7slp.tv\/2026\/wp-json\/wp\/v2\/categories?post=191746"},{"taxonomy":"post_tag","embeddable":true,"href":"https:\/\/canal7slp.tv\/2026\/wp-json\/wp\/v2\/tags?post=191746"}],"curies":[{"name":"wp","href":"https:\/\/api.w.org\/{rel}","templated":true}]}}