{"id":191727,"date":"2026-01-28T18:06:09","date_gmt":"2026-01-29T00:06:09","guid":{"rendered":"https:\/\/canal7slp.tv\/2026\/?p=191727"},"modified":"2026-01-28T18:06:09","modified_gmt":"2026-01-29T00:06:09","slug":"graciela-zendejas-nueva-presidenta-de-aderiac","status":"publish","type":"post","link":"https:\/\/canal7slp.tv\/2026\/graciela-zendejas-nueva-presidenta-de-aderiac\/","title":{"rendered":"Graciela Zendejas, nueva presidenta de ADERIAC"},"content":{"rendered":"<p style=\"text-align: justify;\">SLP.- La Asociaci\u00f3n de Ejecutivos de la Gesti\u00f3n del Talento Humano, mejor conocida como ADERIAC en San Luis Potos\u00ed cuenta a partir del a\u00f1o 2026 con una nueva presidencia, la cual recay\u00f3 en la persona de Graciela Zendejas Gonz\u00e1lez.<\/p>\n<p style=\"text-align: justify;\">La nueva titular de la ADERIAC, asever\u00f3 que de entrada, se dar\u00e1 continuidad al trabajo realizado por su antecesor.<\/p>\n<p style=\"text-align: justify;\">\u201cPrimeramente seguir trabajando, evolucionando y manteniendo lo que ya se tiene en ADERIAC como estructura\u201d<\/p>\n<p style=\"text-align: justify;\">Destac\u00f3 el papel que jugar\u00e1 ADERIAC en el panorama actual.<\/p>\n<p style=\"text-align: justify;\">\u201cUna de las cosas que nosotros queremos acercar a los asociados y acercar incluso a la comunidad profesionista, comunidad industrial es que seamos un ente para poder dar certeza ante tanto cambio y tanta cosa que traemos a nivel estatal, federal, geopol\u00edtico, global; h\u00e1blese de reformas, h\u00e1blese de impactos\u201d.<\/p>\n<p style=\"text-align: justify;\">Las reformas a leyes nivel nacional, ser\u00e1n el principal punto de inter\u00e9s local en el a\u00f1o 2026.<\/p>\n<p style=\"text-align: justify;\">\u201cEstar siempre anticip\u00e1ndonos a, para poder dar informaci\u00f3n certera poder dar claro si se puede, certidumbre ante las reformas (\u2026) no sabemos c\u00f3mo venga, no sabemos los tiempos, ni c\u00f3mo nos lo vayan a poner, pero esa es la intenci\u00f3n, la de las 40 horas como las que sabemos que vienen este a\u00f1o, el a\u00f1o entrante y las iniciativas que saque el Gobierno Federal tambi\u00e9n\u201d.<\/p>\n<p>Por: Juan Carlos COntreras<\/p>\n","protected":false},"excerpt":{"rendered":"<p>SLP.- La Asociaci\u00f3n de Ejecutivos de la Gesti\u00f3n del Talento Humano, mejor conocida como ADERIAC en San Luis Potos\u00ed cuenta a partir del a\u00f1o 2026 con una nueva presidencia, la cual recay\u00f3 en la persona de Graciela Zendejas Gonz\u00e1lez. La nueva titular de la ADERIAC, asever\u00f3 que de entrada, se dar\u00e1 continuidad al trabajo realizado por su antecesor. \u201cPrimeramente seguir trabajando, evolucionando y manteniendo lo que ya se tiene en ADERIAC como estructura\u201d Destac\u00f3 el papel que jugar\u00e1 ADERIAC en el panorama actual. \u201cUna de las cosas que nosotros queremos acercar a los asociados y acercar incluso a la comunidad [&hellip;]<\/p>\n","protected":false},"author":2,"featured_media":191743,"comment_status":"closed","ping_status":"closed","sticky":false,"template":"","format":"video","meta":{"_monsterinsights_skip_tracking":false,"_monsterinsights_sitenote_active":false,"_monsterinsights_sitenote_note":"","_monsterinsights_sitenote_category":0,"footnotes":""},"categories":[5,45],"tags":[],"class_list":["post-191727","post","type-post","status-publish","format-video","has-post-thumbnail","hentry","category-destacadas","category-localesyregionales","post_format-post-format-video","post--single"],"_links":{"self":[{"href":"https:\/\/canal7slp.tv\/2026\/wp-json\/wp\/v2\/posts\/191727","targetHints":{"allow":["GET"]}}],"collection":[{"href":"https:\/\/canal7slp.tv\/2026\/wp-json\/wp\/v2\/posts"}],"about":[{"href":"https:\/\/canal7slp.tv\/2026\/wp-json\/wp\/v2\/types\/post"}],"author":[{"embeddable":true,"href":"https:\/\/canal7slp.tv\/2026\/wp-json\/wp\/v2\/users\/2"}],"replies":[{"embeddable":true,"href":"https:\/\/canal7slp.tv\/2026\/wp-json\/wp\/v2\/comments?post=191727"}],"version-history":[{"count":3,"href":"https:\/\/canal7slp.tv\/2026\/wp-json\/wp\/v2\/posts\/191727\/revisions"}],"predecessor-version":[{"id":191745,"href":"https:\/\/canal7slp.tv\/2026\/wp-json\/wp\/v2\/posts\/191727\/revisions\/191745"}],"wp:featuredmedia":[{"embeddable":true,"href":"https:\/\/canal7slp.tv\/2026\/wp-json\/wp\/v2\/media\/191743"}],"wp:attachment":[{"href":"https:\/\/canal7slp.tv\/2026\/wp-json\/wp\/v2\/media?parent=191727"}],"wp:term":[{"taxonomy":"category","embeddable":true,"href":"https:\/\/canal7slp.tv\/2026\/wp-json\/wp\/v2\/categories?post=191727"},{"taxonomy":"post_tag","embeddable":true,"href":"https:\/\/canal7slp.tv\/2026\/wp-json\/wp\/v2\/tags?post=191727"}],"curies":[{"name":"wp","href":"https:\/\/api.w.org\/{rel}","templated":true}]}}