{"id":191725,"date":"2026-01-28T17:16:36","date_gmt":"2026-01-28T23:16:36","guid":{"rendered":"https:\/\/canal7slp.tv\/2026\/?p=191725"},"modified":"2026-01-28T17:16:36","modified_gmt":"2026-01-28T23:16:36","slug":"imelda-elizalde-nueva-presidenta-de-la-alianza-empresarial","status":"publish","type":"post","link":"https:\/\/canal7slp.tv\/2026\/imelda-elizalde-nueva-presidenta-de-la-alianza-empresarial\/","title":{"rendered":"Imelda Elizalde, nueva presidenta de la Alianza Empresarial"},"content":{"rendered":"<p style=\"text-align: justify;\"><span style=\"font-size: 1.21429rem;\">SLP.- Luis Gerardo Ortu\u00f1o D\u00edaz Infante quien se desempe\u00f1aba como presidente de la Alianza Empresarial del San Luis Potos\u00ed, pas\u00f3 estafeta a Imelda Elizalde Mart\u00ednez quien ahora ha quedado a cargo de este grupo que tiene contacto directo en la vida econ\u00f3mica y pol\u00edtica de la entidad.<\/span><\/p>\n<p style=\"text-align: justify;\">El anuncio sobre la sucesi\u00f3n del cargo, se realiz\u00f3 en una rueda de prensa generada en las instalaciones de la C\u00e1mara Nacional de la Industria de la Transformaci\u00f3n, en donde Imelda Elizalde Mart\u00ednez es presidenta.<\/p>\n<p style=\"text-align: justify;\">\u201cHa llegado el d\u00eda de entregar la Alianza Empresarial que dignamente y honorablemente represent\u00e9 a todos los sectores productivos en San Luis Potos\u00ed\u201d.<\/p>\n<p style=\"text-align: justify;\">Agradeci\u00f3 a los integrantes de las c\u00e1maras que conforman este grupo.<\/p>\n<p style=\"text-align: justify;\">\u201cA todos los agremiados de todas y cada una de estas c\u00e1maras que participan en la Alianza Empresarial por darme la confianza de coordinarles\u201d.<\/p>\n<p style=\"text-align: justify;\">Cedi\u00f3 el mando y el uso de la voz a Imelda Elizalde Mart\u00ednez, quien destac\u00f3 la finalidad de esta agrupaci\u00f3n.<\/p>\n<p style=\"text-align: justify;\">\u201cLo que nosotros hacemos a trav\u00e9s de nuestros organismos y a trav\u00e9s de nuestro gremio, tiene un impacto social (\u2026) yo estoy muy honrada de poder presidir y coordinar esta Alianza, creo que es la suma de esfuerzos, finalmente entre todo lo haremos\u201d.<\/p>\n<p style=\"text-align: justify;\">Afirm\u00f3 que durante el a\u00f1o 2026 hay retos que enfrentar.<\/p>\n<p style=\"text-align: justify;\">\u201cY estos van muy relacionados no nada m\u00e1s con el entorno econ\u00f3mico al que representamos, si no, con las grande decisiones en pol\u00edtica p\u00fablica, en la relaci\u00f3n con otras entidades, en la ubicaci\u00f3n de la regi\u00f3n baj\u00edo, todo eso tiene que ver\u201d.<\/p>\n<p style=\"text-align: justify;\">Cabe destacar que al interior de la Alianza Empresarial 2026 hay cuatro mujeres representantes de c\u00e1maras como lo son la CANACINTRA, la COPARMEX, ADERIAC y AMEXME. Al momento la nueva presidenta no ha tenido contacto con el titular del Poder Ejecutivo local, Ricardo Gallardo.<\/p>\n<p style=\"text-align: justify;\">Por: Juan Carlos Contreras<\/p>\n","protected":false},"excerpt":{"rendered":"<p>SLP.- Luis Gerardo Ortu\u00f1o D\u00edaz Infante quien se desempe\u00f1aba como presidente de la Alianza Empresarial del San Luis Potos\u00ed, pas\u00f3 estafeta a Imelda Elizalde Mart\u00ednez quien ahora ha quedado a cargo de este grupo que tiene contacto directo en la vida econ\u00f3mica y pol\u00edtica de la entidad. El anuncio sobre la sucesi\u00f3n del cargo, se realiz\u00f3 en una rueda de prensa generada en las instalaciones de la C\u00e1mara Nacional de la Industria de la Transformaci\u00f3n, en donde Imelda Elizalde Mart\u00ednez es presidenta. \u201cHa llegado el d\u00eda de entregar la Alianza Empresarial que dignamente y honorablemente represent\u00e9 a todos los sectores [&hellip;]<\/p>\n","protected":false},"author":2,"featured_media":191736,"comment_status":"closed","ping_status":"closed","sticky":false,"template":"","format":"video","meta":{"_monsterinsights_skip_tracking":false,"_monsterinsights_sitenote_active":false,"_monsterinsights_sitenote_note":"","_monsterinsights_sitenote_category":0,"footnotes":""},"categories":[5,45],"tags":[],"class_list":["post-191725","post","type-post","status-publish","format-video","has-post-thumbnail","hentry","category-destacadas","category-localesyregionales","post_format-post-format-video","post--single"],"_links":{"self":[{"href":"https:\/\/canal7slp.tv\/2026\/wp-json\/wp\/v2\/posts\/191725","targetHints":{"allow":["GET"]}}],"collection":[{"href":"https:\/\/canal7slp.tv\/2026\/wp-json\/wp\/v2\/posts"}],"about":[{"href":"https:\/\/canal7slp.tv\/2026\/wp-json\/wp\/v2\/types\/post"}],"author":[{"embeddable":true,"href":"https:\/\/canal7slp.tv\/2026\/wp-json\/wp\/v2\/users\/2"}],"replies":[{"embeddable":true,"href":"https:\/\/canal7slp.tv\/2026\/wp-json\/wp\/v2\/comments?post=191725"}],"version-history":[{"count":2,"href":"https:\/\/canal7slp.tv\/2026\/wp-json\/wp\/v2\/posts\/191725\/revisions"}],"predecessor-version":[{"id":191737,"href":"https:\/\/canal7slp.tv\/2026\/wp-json\/wp\/v2\/posts\/191725\/revisions\/191737"}],"wp:featuredmedia":[{"embeddable":true,"href":"https:\/\/canal7slp.tv\/2026\/wp-json\/wp\/v2\/media\/191736"}],"wp:attachment":[{"href":"https:\/\/canal7slp.tv\/2026\/wp-json\/wp\/v2\/media?parent=191725"}],"wp:term":[{"taxonomy":"category","embeddable":true,"href":"https:\/\/canal7slp.tv\/2026\/wp-json\/wp\/v2\/categories?post=191725"},{"taxonomy":"post_tag","embeddable":true,"href":"https:\/\/canal7slp.tv\/2026\/wp-json\/wp\/v2\/tags?post=191725"}],"curies":[{"name":"wp","href":"https:\/\/api.w.org\/{rel}","templated":true}]}}