{"id":191724,"date":"2026-01-29T10:00:16","date_gmt":"2026-01-29T16:00:16","guid":{"rendered":"https:\/\/canal7slp.tv\/2026\/?p=191724"},"modified":"2026-01-28T17:14:56","modified_gmt":"2026-01-28T23:14:56","slug":"incremento-al-salario-y-donald-trump-problemas-de-lo-local-a-lo-internacional-reporta-nuestro-centro","status":"publish","type":"post","link":"https:\/\/canal7slp.tv\/2026\/incremento-al-salario-y-donald-trump-problemas-de-lo-local-a-lo-internacional-reporta-nuestro-centro\/","title":{"rendered":"Incremento al salario y Donald Trump, problemas de lo local a lo internacional reporta Nuestro Centro"},"content":{"rendered":"<p style=\"text-align: justify;\">SLP.- Al arranque del a\u00f1o 2026, el salario m\u00ednimo general en M\u00e9xico aument\u00f3 un 13%, pas\u00f3 de 278 a 315 pesos, hecho que ha impactado en la econom\u00eda de los comerciantes afirm\u00f3 la presidenta de Nuestro Centro, M\u00f3nica Heredia Sainz.<\/p>\n<p style=\"text-align: justify;\">\u201cSin duda al d\u00eda de hoy, el incremento a la n\u00f3mina s\u00ed viene bastante fuerte y s\u00ed es algo que a todos los comercios, a todos los comerciantes establecidos preocupa\u201d.<\/p>\n<p style=\"text-align: justify;\">La cantidad de personas que son empleadas en comercios del centro va de dos a seis colaboradores.<\/p>\n<p style=\"text-align: justify;\">\u201cEn el comercio local van de dos a lo mucho a seis, es mayormente\u201d.<\/p>\n<p style=\"text-align: justify;\">Adem\u00e1s del \u00e1mbito local, los empresarios mantienen cierta expectativa debido al gobierno de Donald Trump y sus pol\u00edticas de negociaci\u00f3n internacional.<\/p>\n<p style=\"text-align: justify;\">\u201cParticularmente yo creo que San Luis se tiene que enfocar en el tema de los aranceles que es lo que nos pega de manera m\u00e1s directa, a todos los comercios\u201d.<\/p>\n<p style=\"text-align: justify;\">Sumado a los incrementos en aranceles, el mandatario americano tiene otro tipo de m\u00e9todos de presi\u00f3n que han desestabilizado al mercado.<\/p>\n<p style=\"text-align: justify;\">\u201c\u00c9l est\u00e1 recuperando las empresas norteamericanas les est\u00e1 solicitando que vuelvan a Estados Unidos a producir all\u00e1 y a generar los empleos all\u00e1\u201d.<\/p>\n<p style=\"text-align: justify;\">Desde el arran que de la administraci\u00f3n de Donald Trump se tienen momentos delicados en la econom\u00eda del pa\u00eds.<\/p>\n<p style=\"text-align: justify;\">\u201cLa expectativa de qu\u00e9 empresas se van y qu\u00e9 empresas se quedan no permite una correcta planeaci\u00f3n\u201d.<\/p>\n<p>Por: Juan Carlos Contreras<\/p>\n","protected":false},"excerpt":{"rendered":"<p>SLP.- Al arranque del a\u00f1o 2026, el salario m\u00ednimo general en M\u00e9xico aument\u00f3 un 13%, pas\u00f3 de 278 a 315 pesos, hecho que ha impactado en la econom\u00eda de los comerciantes afirm\u00f3 la presidenta de Nuestro Centro, M\u00f3nica Heredia Sainz. \u201cSin duda al d\u00eda de hoy, el incremento a la n\u00f3mina s\u00ed viene bastante fuerte y s\u00ed es algo que a todos los comercios, a todos los comerciantes establecidos preocupa\u201d. La cantidad de personas que son empleadas en comercios del centro va de dos a seis colaboradores. \u201cEn el comercio local van de dos a lo mucho a seis, es [&hellip;]<\/p>\n","protected":false},"author":2,"featured_media":191733,"comment_status":"closed","ping_status":"closed","sticky":false,"template":"","format":"video","meta":{"_monsterinsights_skip_tracking":false,"_monsterinsights_sitenote_active":false,"_monsterinsights_sitenote_note":"","_monsterinsights_sitenote_category":0,"footnotes":""},"categories":[5,45],"tags":[],"class_list":["post-191724","post","type-post","status-publish","format-video","has-post-thumbnail","hentry","category-destacadas","category-localesyregionales","post_format-post-format-video","post--single"],"_links":{"self":[{"href":"https:\/\/canal7slp.tv\/2026\/wp-json\/wp\/v2\/posts\/191724","targetHints":{"allow":["GET"]}}],"collection":[{"href":"https:\/\/canal7slp.tv\/2026\/wp-json\/wp\/v2\/posts"}],"about":[{"href":"https:\/\/canal7slp.tv\/2026\/wp-json\/wp\/v2\/types\/post"}],"author":[{"embeddable":true,"href":"https:\/\/canal7slp.tv\/2026\/wp-json\/wp\/v2\/users\/2"}],"replies":[{"embeddable":true,"href":"https:\/\/canal7slp.tv\/2026\/wp-json\/wp\/v2\/comments?post=191724"}],"version-history":[{"count":2,"href":"https:\/\/canal7slp.tv\/2026\/wp-json\/wp\/v2\/posts\/191724\/revisions"}],"predecessor-version":[{"id":191734,"href":"https:\/\/canal7slp.tv\/2026\/wp-json\/wp\/v2\/posts\/191724\/revisions\/191734"}],"wp:featuredmedia":[{"embeddable":true,"href":"https:\/\/canal7slp.tv\/2026\/wp-json\/wp\/v2\/media\/191733"}],"wp:attachment":[{"href":"https:\/\/canal7slp.tv\/2026\/wp-json\/wp\/v2\/media?parent=191724"}],"wp:term":[{"taxonomy":"category","embeddable":true,"href":"https:\/\/canal7slp.tv\/2026\/wp-json\/wp\/v2\/categories?post=191724"},{"taxonomy":"post_tag","embeddable":true,"href":"https:\/\/canal7slp.tv\/2026\/wp-json\/wp\/v2\/tags?post=191724"}],"curies":[{"name":"wp","href":"https:\/\/api.w.org\/{rel}","templated":true}]}}